{"id":68788,"date":"2019-11-28T15:14:30","date_gmt":"2019-11-28T20:14:30","guid":{"rendered":"https:\/\/linitiative.ca\/International\/international-real-madrid-psg-premier-league-benzema-sort-du-silence\/"},"modified":"2019-11-28T15:14:30","modified_gmt":"2019-11-28T20:14:30","slug":"international-real-madrid-psg-premier-league-benzema-sort-du-silence","status":"publish","type":"post","link":"https:\/\/linitiative.ca\/International\/international-real-madrid-psg-premier-league-benzema-sort-du-silence\/","title":{"rendered":"International : Real Madrid: PSG, Premier League\u2026 Benzema sort du silence !"},"content":{"rendered":"<div readability=\"32\">\n<p>Auteur : <span class=\"time\">jeudi 28 novembre 2019 20:38<\/span><\/p>\n<\/div>\n<div id=\"post_core\" readability=\"43\">\n<p>Ces derniers temps, Marca d\u00e9voilait que le Real Madrid pr\u00e9parerait une offre de prolongation de contrat \u00e0 Karim Benzema pour que ce dernier prolonge son bail expirant actuellement en juin 2021 pour deux saisons suppl\u00e9mentaires. Cependant, le m\u00e9dia madril\u00e8ne assurait en outre que le PSG et des clubs de Premier League auraient \u00e9galement des vues sur l\u2019attaquant du Real Madrid. Et alors qu\u2019il voudrait des garanties concernant l\u2019\u00e9volution de son statut avant d\u2019apposer sa signature sur le contrat d\u2019apr\u00e8s ESPN, Benzema semble avoir les id\u00e9es claires pour son avenir. \u00ab Je me sens bien. C&rsquo;est avec le travail. C&rsquo;est ma maison ici \u00e0 Madrid, je sens beaucoup de confiance de mes partenaires, mon coach, le pr\u00e9sident et les supporters (\u2026) J&rsquo;ai sign\u00e9 \u00e0 Madrid il y a 10-11 ans pour gagner des titres, essayer de rentrer dans la l\u00e9gende de ce club, qui pour moi est le meilleur du monde \u00bb. a confi\u00e9 Karim Benzema au micro de RMC Sport. De quoi mettre un terme aux rumeurs sur son avenir qui devrait continuer de s\u2019\u00e9crire au Real Madrid rapporte Le 10 Sport.<\/p>\n<p><strong>Publi\u00e9 dans :<\/strong> <span>benzema<\/span><\/p>\n<\/div>\n<p>Auteur:<br \/>\n<a href=\"http:\/\/www.lebuteur.com\/article\/detail?titre=real-madrid-psg-premier-league%E2%80%A6-benzema-sort-du-silence&#038;id=93246&#038;utm_source=feedburner&#038;utm_medium=feed&#038;utm_campaign=Feed%3A+GalerieFArtciles+%28Les+derniers+articles++-+lebuteur.com%29\">Cliquez ici pour lire l&rsquo;article depuis sa source.<\/a><\/p>\n","protected":false},"excerpt":{"rendered":"<p>Auteur : jeudi 28 novembre 2019 20:38 Ces derniers temps, Marca d\u00e9voilait que le Real Madrid pr\u00e9parerait une offre de prolongation de contrat \u00e0 Karim Benzema pour que ce dernier prolonge son bail expirant actuellement en juin 2021 pour deux saisons suppl\u00e9mentaires. Cependant, le m\u00e9dia madril\u00e8ne assurait en outre que le PSG et des clubs [&hellip;]<\/p>\n","protected":false},"author":1738,"featured_media":68789,"comment_status":"closed","ping_status":"closed","sticky":false,"template":"","format":"standard","meta":{"fifu_image_url":"","fifu_image_alt":"","footnotes":""},"categories":[53,75],"tags":[],"class_list":["post-68788","post","type-post","status-publish","format-standard","has-post-thumbnail","hentry","category-algerie","category-sport"],"_links":{"self":[{"href":"https:\/\/linitiative.ca\/International\/wp-json\/wp\/v2\/posts\/68788","targetHints":{"allow":["GET"]}}],"collection":[{"href":"https:\/\/linitiative.ca\/International\/wp-json\/wp\/v2\/posts"}],"about":[{"href":"https:\/\/linitiative.ca\/International\/wp-json\/wp\/v2\/types\/post"}],"author":[{"embeddable":true,"href":"https:\/\/linitiative.ca\/International\/wp-json\/wp\/v2\/users\/1738"}],"replies":[{"embeddable":true,"href":"https:\/\/linitiative.ca\/International\/wp-json\/wp\/v2\/comments?post=68788"}],"version-history":[{"count":0,"href":"https:\/\/linitiative.ca\/International\/wp-json\/wp\/v2\/posts\/68788\/revisions"}],"wp:featuredmedia":[{"embeddable":true,"href":"https:\/\/linitiative.ca\/International\/wp-json\/"}],"wp:attachment":[{"href":"https:\/\/linitiative.ca\/International\/wp-json\/wp\/v2\/media?parent=68788"}],"wp:term":[{"taxonomy":"category","embeddable":true,"href":"https:\/\/linitiative.ca\/International\/wp-json\/wp\/v2\/categories?post=68788"},{"taxonomy":"post_tag","embeddable":true,"href":"https:\/\/linitiative.ca\/International\/wp-json\/wp\/v2\/tags?post=68788"}],"curies":[{"name":"wp","href":"https:\/\/api.w.org\/{rel}","templated":true}]}}