{"id":68795,"date":"2019-11-27T10:36:00","date_gmt":"2019-11-27T15:36:00","guid":{"rendered":"https:\/\/linitiative.ca\/International\/beni-saf-ain-temouchent-un-homme-se-suicide-en-ingurgitant-de-lacide\/"},"modified":"2019-11-27T10:36:00","modified_gmt":"2019-11-27T15:36:00","slug":"beni-saf-ain-temouchent-un-homme-se-suicide-en-ingurgitant-de-lacide","status":"publish","type":"post","link":"https:\/\/linitiative.ca\/International\/beni-saf-ain-temouchent-un-homme-se-suicide-en-ingurgitant-de-lacide\/","title":{"rendered":"BENI-SAF (AIN TEMOUCHENT) : Un homme se suicide en ingurgitant de l\u2019acide"},"content":{"rendered":"<p><br id=\"sep_para_1\" class=\"sep_para access\"\/><\/p>\n<div id=\"para_1\" class=\"para_34231307 resize\">\n<div class=\"texte access firstletter\">Hier, un homme \u00e2g\u00e9 de 32 ans r\u00e9sidant dans le quartier Sagla (Boukourdan ) dans la commune de Beni-Saf s\u2019est suicid\u00e9 en ingurgitant de l\u2019acide. Il rendra l\u2019\u00e2me apr\u00e8s son admission \u00e0 l\u2019h\u00f4pital, vu qu\u2019il n\u2019a pas pu r\u00e9sister aux effets ravageurs de la substance. Le suicide du d\u00e9funt a provoqu\u00e9 l\u2019\u00e9moi et la consternation au sein des habitants du quartier .Les services s\u00e9curitaires ont ouvert une enqu\u00eate afin de d\u00e9terminer les causes de cet acte d\u00e9sesp\u00e9r\u00e9. A rappeler que le ph\u00e9nom\u00e8ne du suicide, a atteint cette ann\u00e9e des proportions jamais atteinte \u00e0 Beni-Saf .\u00a0\u00a0\u00a0\u00a0\u00a0\u00a0\u00a0\u00a0\u00a0\u00a0\u00a0\u00a0\u00a0\u00a0\u00a0\u00a0\u00a0\u00a0\u00a0\u00a0\u00a0\u00a0\u00a0\u00a0<\/div>\n<\/div>\n<p>Auteur: H. Bouna<br \/>\n<a href=\"https:\/\/www.reflexiondz.net\/BENI-SAF-AIN-TEMOUCHENT-Un-homme-se-suicide-en-ingurgitant-de-l-acide_a59061.html\">Cliquez ici pour lire l&rsquo;article depuis sa source.<\/a><\/p>\n","protected":false},"excerpt":{"rendered":"<p>Hier, un homme \u00e2g\u00e9 de 32 ans r\u00e9sidant dans le quartier Sagla (Boukourdan ) dans la commune de Beni-Saf s\u2019est suicid\u00e9 en ingurgitant de l\u2019acide. Il rendra l\u2019\u00e2me apr\u00e8s son admission \u00e0 l\u2019h\u00f4pital, vu qu\u2019il n\u2019a pas pu r\u00e9sister aux effets ravageurs de la substance. Le suicide du d\u00e9funt a provoqu\u00e9 l\u2019\u00e9moi et la consternation [&hellip;]<\/p>\n","protected":false},"author":1740,"featured_media":0,"comment_status":"closed","ping_status":"closed","sticky":false,"template":"","format":"standard","meta":{"fifu_image_url":"","fifu_image_alt":"","footnotes":""},"categories":[53,76],"tags":[],"class_list":["post-68795","post","type-post","status-publish","format-standard","hentry","category-algerie","category-regions"],"_links":{"self":[{"href":"https:\/\/linitiative.ca\/International\/wp-json\/wp\/v2\/posts\/68795","targetHints":{"allow":["GET"]}}],"collection":[{"href":"https:\/\/linitiative.ca\/International\/wp-json\/wp\/v2\/posts"}],"about":[{"href":"https:\/\/linitiative.ca\/International\/wp-json\/wp\/v2\/types\/post"}],"author":[{"embeddable":true,"href":"https:\/\/linitiative.ca\/International\/wp-json\/wp\/v2\/users\/1740"}],"replies":[{"embeddable":true,"href":"https:\/\/linitiative.ca\/International\/wp-json\/wp\/v2\/comments?post=68795"}],"version-history":[{"count":0,"href":"https:\/\/linitiative.ca\/International\/wp-json\/wp\/v2\/posts\/68795\/revisions"}],"wp:attachment":[{"href":"https:\/\/linitiative.ca\/International\/wp-json\/wp\/v2\/media?parent=68795"}],"wp:term":[{"taxonomy":"category","embeddable":true,"href":"https:\/\/linitiative.ca\/International\/wp-json\/wp\/v2\/categories?post=68795"},{"taxonomy":"post_tag","embeddable":true,"href":"https:\/\/linitiative.ca\/International\/wp-json\/wp\/v2\/tags?post=68795"}],"curies":[{"name":"wp","href":"https:\/\/api.w.org\/{rel}","templated":true}]}}