{"id":68797,"date":"2019-11-27T10:36:00","date_gmt":"2019-11-27T15:36:00","guid":{"rendered":"https:\/\/linitiative.ca\/International\/louza-sidi-bel-abbes-la-rn13-fermee-par-les-citoyens\/"},"modified":"2019-11-27T10:36:00","modified_gmt":"2019-11-27T15:36:00","slug":"louza-sidi-bel-abbes-la-rn13-fermee-par-les-citoyens","status":"publish","type":"post","link":"https:\/\/linitiative.ca\/International\/louza-sidi-bel-abbes-la-rn13-fermee-par-les-citoyens\/","title":{"rendered":"LOUZA (SIDI BEL ABBES) : La RN13 ferm\u00e9e par les citoyens"},"content":{"rendered":"<p><br id=\"sep_para_1\" class=\"sep_para access\"\/><\/p>\n<div id=\"para_1\" class=\"para_34231255 resize\">\n<div class=\"texte access firstletter\">\u00a0Ils \u00e9taient des dizaines de citoyens, en majorit\u00e9 des jeunes, de Louza ,30 km au sud de Sidi Bel Abb\u00e8s, \u00e0 sortir dans l&rsquo;apr\u00e8s-midi de mardi, et fermer tout bonnement la route nationale 13 ,\u00e0\u00a0 toute circulation automobile, au moyen de divers objets. A une question de conna\u00eetre le mobile de cette action ayant rendu la circulation difficile, les protestataires qui scandaient des slogans hostiles aux responsables et \u00e9lus locaux, ont justifi\u00e9 leur mouvement de col\u00e8re pour les promesses mensong\u00e8res donn\u00e9es il ya exactement 3 mois, le 27 ao\u00fbt 2019, lors du premier mouvement de protestation organis\u00e9 contre la p\u00e9nurie d&rsquo;eau laquelle frappe \u00e2prement\u00a0 leur paisible localit\u00e9 relevant de la commune de Benachiba Ch\u00e9lia. Cet axe routier important \u00e9tant bloqu\u00e9, les automobilistes passagers et\u00a0 autres usagers de la route ont bien s\u00fbr \u00e9t\u00e9 contraints de rebrousser chemin ou d&#8217;emprunter d&rsquo;autres lignes, comme les CW 47,62 bis, et la RN 94 leur permettant des d\u00e9viations.\u00a0 La route n&rsquo;a \u00e9t\u00e9 rouverte \u00e0 la circulation que tard dans la nuit de mardi \u00e0 mercredi, \u00e0 la suite d&rsquo;interminables n\u00e9gociations, initi\u00e9es entre des repr\u00e9sentants de citoyens et des \u00e9lus et responsables.\u00a0\u00a0\u00a0\u00a0\u00a0\u00a0\u00a0\u00a0<\/div>\n<\/div>\n<p>Auteur: N.Moussa<br \/>\n<a href=\"https:\/\/www.reflexiondz.net\/LOUZA-SIDI-BEL-ABBES-La-RN13-fermee-par-les-citoyens_a59057.html\">Cliquez ici pour lire l&rsquo;article depuis sa source.<\/a><\/p>\n","protected":false},"excerpt":{"rendered":"<p>\u00a0Ils \u00e9taient des dizaines de citoyens, en majorit\u00e9 des jeunes, de Louza ,30 km au sud de Sidi Bel Abb\u00e8s, \u00e0 sortir dans l&rsquo;apr\u00e8s-midi de mardi, et fermer tout bonnement la route nationale 13 ,\u00e0\u00a0 toute circulation automobile, au moyen de divers objets. A une question de conna\u00eetre le mobile de cette action ayant rendu [&hellip;]<\/p>\n","protected":false},"author":1740,"featured_media":0,"comment_status":"closed","ping_status":"closed","sticky":false,"template":"","format":"standard","meta":{"fifu_image_url":"","fifu_image_alt":"","footnotes":""},"categories":[53,76],"tags":[],"class_list":["post-68797","post","type-post","status-publish","format-standard","hentry","category-algerie","category-regions"],"_links":{"self":[{"href":"https:\/\/linitiative.ca\/International\/wp-json\/wp\/v2\/posts\/68797","targetHints":{"allow":["GET"]}}],"collection":[{"href":"https:\/\/linitiative.ca\/International\/wp-json\/wp\/v2\/posts"}],"about":[{"href":"https:\/\/linitiative.ca\/International\/wp-json\/wp\/v2\/types\/post"}],"author":[{"embeddable":true,"href":"https:\/\/linitiative.ca\/International\/wp-json\/wp\/v2\/users\/1740"}],"replies":[{"embeddable":true,"href":"https:\/\/linitiative.ca\/International\/wp-json\/wp\/v2\/comments?post=68797"}],"version-history":[{"count":0,"href":"https:\/\/linitiative.ca\/International\/wp-json\/wp\/v2\/posts\/68797\/revisions"}],"wp:attachment":[{"href":"https:\/\/linitiative.ca\/International\/wp-json\/wp\/v2\/media?parent=68797"}],"wp:term":[{"taxonomy":"category","embeddable":true,"href":"https:\/\/linitiative.ca\/International\/wp-json\/wp\/v2\/categories?post=68797"},{"taxonomy":"post_tag","embeddable":true,"href":"https:\/\/linitiative.ca\/International\/wp-json\/wp\/v2\/tags?post=68797"}],"curies":[{"name":"wp","href":"https:\/\/api.w.org\/{rel}","templated":true}]}}