{"id":68798,"date":"2019-11-27T10:36:00","date_gmt":"2019-11-27T15:36:00","guid":{"rendered":"https:\/\/linitiative.ca\/International\/violence-contre-les-femmes-plus-de-5-600-femmes-violentees-en-2019\/"},"modified":"2019-11-27T10:36:00","modified_gmt":"2019-11-27T15:36:00","slug":"violence-contre-les-femmes-plus-de-5-600-femmes-violentees-en-2019","status":"publish","type":"post","link":"https:\/\/linitiative.ca\/International\/violence-contre-les-femmes-plus-de-5-600-femmes-violentees-en-2019\/","title":{"rendered":"VIOLENCE CONTRE LES FEMMES  : Plus de 5 600 femmes violent\u00e9es en 2019"},"content":{"rendered":"<p><br id=\"sep_para_1\" class=\"sep_para access\"\/><\/p>\n<div id=\"para_1\" class=\"para_34231416 resize\">\n<div class=\"texte access firstletter\">De janvier \u00e0 septembre derniers, les services de police ont recens\u00e9 5620 cas de violence contre les femmes \u00e0 travers le territoire national, selon un communiqu\u00e9 de la DGSN rendu public avant-hier lundi. \u00ab Les services de la s\u00fbret\u00e9 nationale ont enregistr\u00e9 5 620 cas de violence contre les femmes dont des cas de violence physique, de coups et blessures volontaires entra\u00eenant la mort et d\u2019homicide volontaire outre l\u2019agression, le harc\u00e8lement sexuel et la maltraitance \u00bb, a, par ailleurs, fait savoir la commissaire de police, Wahiba Hemaili. Lors d\u2019une conf\u00e9rence organis\u00e9e par le forum de la s\u00fbret\u00e9 nationale \u00e0 l\u2019occasion de la journ\u00e9e mondiale de l\u2019enfance, et de la journ\u00e9e internationale pour l\u2019\u00e9limination de la violence \u00e0 l\u2019\u00e9gard des femmes, c\u00e9l\u00e9br\u00e9es respectivement, le 20 et le 25 novembre de chaque ann\u00e9e, cette responsable fait \u00e9tat d\u2019une baisse de ces cas de violence \u00e0 l\u2019\u00e9gard des femmes par rapport \u00e0 la m\u00eame p\u00e9riode de l\u2019ann\u00e9e 2018, ayant enregistr\u00e9 7 061 cas. Pour les d\u00e9fenseurs des droits humains et les associations, les chiffres fournis par les services de police ne refl\u00e8tent pas la r\u00e9alit\u00e9, car la majorit\u00e9 des victimes ne portent pas plainte ou ne signalent pas les violences qu\u2019elles subissent, notamment en milieu domestique et familial. C\u2019est d\u2019ailleurs pour cette raison que la commissaire Hemaili a insist\u00e9 sur \u00ab l\u2019importance de la sensibilisation et du signalement de la violence sous toutes ses formes \u00bb, assurant, lors de son point de presse, que \u00ab la police intervient apr\u00e8s le signalement qui demeure le meilleur moyen de pr\u00e9vention contre les violences \u00bb.<\/div>\n<\/div>\n<p>Auteur: Ismain<br \/>\n<a href=\"https:\/\/www.reflexiondz.net\/VIOLENCE-CONTRE-LES-FEMMES-Plus-de-5-600-femmes-violentees-en-2019_a59071.html\">Cliquez ici pour lire l&rsquo;article depuis sa source.<\/a><\/p>\n","protected":false},"excerpt":{"rendered":"<p>De janvier \u00e0 septembre derniers, les services de police ont recens\u00e9 5620 cas de violence contre les femmes \u00e0 travers le territoire national, selon un communiqu\u00e9 de la DGSN rendu public avant-hier lundi. \u00ab Les services de la s\u00fbret\u00e9 nationale ont enregistr\u00e9 5 620 cas de violence contre les femmes dont des cas de violence [&hellip;]<\/p>\n","protected":false},"author":1740,"featured_media":0,"comment_status":"closed","ping_status":"closed","sticky":false,"template":"","format":"standard","meta":{"fifu_image_url":"","fifu_image_alt":"","footnotes":""},"categories":[53,76],"tags":[],"class_list":["post-68798","post","type-post","status-publish","format-standard","hentry","category-algerie","category-regions"],"_links":{"self":[{"href":"https:\/\/linitiative.ca\/International\/wp-json\/wp\/v2\/posts\/68798","targetHints":{"allow":["GET"]}}],"collection":[{"href":"https:\/\/linitiative.ca\/International\/wp-json\/wp\/v2\/posts"}],"about":[{"href":"https:\/\/linitiative.ca\/International\/wp-json\/wp\/v2\/types\/post"}],"author":[{"embeddable":true,"href":"https:\/\/linitiative.ca\/International\/wp-json\/wp\/v2\/users\/1740"}],"replies":[{"embeddable":true,"href":"https:\/\/linitiative.ca\/International\/wp-json\/wp\/v2\/comments?post=68798"}],"version-history":[{"count":0,"href":"https:\/\/linitiative.ca\/International\/wp-json\/wp\/v2\/posts\/68798\/revisions"}],"wp:attachment":[{"href":"https:\/\/linitiative.ca\/International\/wp-json\/wp\/v2\/media?parent=68798"}],"wp:term":[{"taxonomy":"category","embeddable":true,"href":"https:\/\/linitiative.ca\/International\/wp-json\/wp\/v2\/categories?post=68798"},{"taxonomy":"post_tag","embeddable":true,"href":"https:\/\/linitiative.ca\/International\/wp-json\/wp\/v2\/tags?post=68798"}],"curies":[{"name":"wp","href":"https:\/\/api.w.org\/{rel}","templated":true}]}}