{"id":68804,"date":"2019-11-28T04:13:49","date_gmt":"2019-11-28T09:13:49","guid":{"rendered":"https:\/\/linitiative.ca\/International\/appel-a-des-actions-de-protestation-en-signe-de-soutien-aux-detenus\/"},"modified":"2019-11-28T04:13:49","modified_gmt":"2019-11-28T09:13:49","slug":"appel-a-des-actions-de-protestation-en-signe-de-soutien-aux-detenus","status":"publish","type":"post","link":"https:\/\/linitiative.ca\/International\/appel-a-des-actions-de-protestation-en-signe-de-soutien-aux-detenus\/","title":{"rendered":"Appel \u00e0 des actions de protestation en signe de soutien aux d\u00e9tenus"},"content":{"rendered":"<h4 class=\"title-14\">Lanc\u00e9 \u00e0 l\u2019initiative du comit\u00e9 national pour la lib\u00e9ration des d\u00e9tenus (CNLD)<\/h4>\n<div class=\"featured_image\"><img loading=\"lazy\" decoding=\"async\" width=\"600\" height=\"495\" src=\"https:\/\/www.elwatan.com\/wp-content\/uploads\/2019\/11\/cnld.gif\" class=\"attachment-post-thumbnail size-post-thumbnail wp-post-image\" alt=\"\"\/><\/div>\n<p class=\"p4\"><strong>Le CNLD appelle \u00e0 la gr\u00e8ve g\u00e9n\u00e9rale et \u00e0 un rassemblement des mamans et des familles de d\u00e9tenus, aujourd\u2019hui sur la\u00a0place Maurice Audin (Alger).<\/strong><\/p>\n<p class=\"p4\"><span class=\"s1\"><strong>L<\/strong><\/span><span class=\"s1\">e Comit\u00e9 national pour la lib\u00e9ration des d\u00e9tenus (CNLD), r\u00e9uni samedi 23 novembre \u00e0 Alger, a appel\u00e9 \u00e0 une gr\u00e8ve g\u00e9n\u00e9rale, dans tous les secteurs \u00e0 travers le territoire national, afin <em>\u00abd\u2019exiger la lib\u00e9ration des d\u00e9tenus d\u2019opinion et l\u2019arr\u00eat imm\u00e9diat de la r\u00e9pression judiciaire\u00bb. \u00abLe CNLD, fid\u00e8le \u00e0 ses engagements et missions, r\u00e9uni samedi 23 novembre \u00e0 Alger pour \u00e9valuation de la situation, appelle l\u2019ensemble des Alg\u00e9riennes et Alg\u00e9riens, toutes les forces vives du pays, \u00e0 une gr\u00e8ve g\u00e9n\u00e9rale, dans tous les secteurs \u00e0 travers le territoire national, pour la journ\u00e9e du jeudi 28\u00a0novembre\u00bb<\/em>, pr\u00e9cise le comit\u00e9 dans l\u2019appel rendu public \u00e0 l\u2019issue de sa r\u00e9union du d\u00e9but de semaine.<\/span><\/p>\n<p class=\"p4\"><span class=\"s1\">Le comit\u00e9 appelle \u00e9galement la soci\u00e9t\u00e9 civile \u00e0 rejoindre le rassemblement des mamans et des familles de d\u00e9tenus, pr\u00e9vu le m\u00eame jour \u00e0 14h, sur la place Maurice Audin (Alger). L\u2019adh\u00e9sion des associations de la soci\u00e9t\u00e9 civile et des syndicats est souhait\u00e9e pour faire aboutir les actions. <em>\u00abNous esp\u00e9rons l\u2019adh\u00e9sion de la population. Pour la r\u00e9ussite de l\u2019action, nous avons souhait\u00e9 l\u2019implication de l\u2019ensemble des syndicats autonomes.<\/em><\/span><\/p>\n<p class=\"p4\"><span class=\"s1\"><em>Il y a eu d\u00e9j\u00e0 l\u2019adh\u00e9sion des \u00e9tudiants, dont les repr\u00e9sentants \u00e9taient pr\u00e9sents lors de la r\u00e9union du syndicat de l\u2019universit\u00e9 de Tizi Ouzou et du Cosyfop (Conf\u00e9d\u00e9ration syndicale des forces productives), qui a sign\u00e9 une d\u00e9claration de soutien \u00e0 notre action\u00bb<\/em>, signale Kaci Tansaout, coordinateur du CNLD. Le Comit\u00e9, install\u00e9 apr\u00e8s les arrestations de manifestants du mouvement citoyen, a d\u00e9j\u00e0 appel\u00e9 l\u2019opinion publique \u00e0 se solidariser avec les familles des d\u00e9tenus.<\/span><\/p>\n<p class=\"p4\"><span class=\"s1\">L\u2019action organis\u00e9e le 5\u00a0octobre a \u00e9t\u00e9 r\u00e9prim\u00e9e\u00a0: des marcheurs ont \u00e9t\u00e9 arr\u00eat\u00e9s, certains d\u2019entre eux sont toujours en d\u00e9tention. <em>\u00abIl y a eu ces derniers mois des appels \u00e0 des actions de soutien aux familles de d\u00e9tenus. D\u2019ailleurs, je rappelle qu\u2019\u00e0 ce jour, deux manifestants sont toujours en d\u00e9tention pr\u00e9ventive depuis le 7 octobre. Il s\u2019agit de Mesrouk Amar (Ali) et Bouchenane Omar\u00bb<\/em>, d\u00e9plore le coordinateur.<\/span><\/p>\n<p class=\"p4\"><span class=\"s1\">L\u2019appel \u00e0 la gr\u00e8ve, comme celui lanc\u00e9 ces derniers jours par le Cosyfop, n\u2019a pas eu l\u2019adh\u00e9sion des personnes impliqu\u00e9es dans les actions d\u2019aide aux familles des d\u00e9tenus. <em>\u00abUne telle action (appel \u00e0 la gr\u00e8ve d\u2019aujourd\u2019hui) n\u00e9cessite l\u2019implication de toutes les forces. Il<\/em> <em>faut une structure, du temps et une v\u00e9ritable communication. Par contre, je pense que le \u2018\u2018rassemblement des mamans\u2019\u2019, une action circonscrite, peut se tenir\u00bb<\/em>, fait remarquer une source qui a requis l\u2019anonymat.<\/span><\/p>\n<p class=\"p4\"><span class=\"s1\">Ces derniers mois, des appels \u00e0 une gr\u00e8ve nationale sont lanc\u00e9s r\u00e9guli\u00e8rement. L\u2019adh\u00e9sion des citoyens n\u2019\u00e9tait pas toujours au rendez-vous. Le sociologue Nacer Djabi fait le distinguo entre les appels \u00e0 la gr\u00e8ve lanc\u00e9s dans des secteurs particuliers, comme l\u2019\u00e9ducation, et ceux li\u00e9s au moment particulier que vit le pays. <em>\u00abOn ne peut pas comparer une gr\u00e8ve socioprofessionnelle et une gr\u00e8ve politique dans un contexte \u00e9lectoral. Il faut prendre en compte qui appelle \u00e0 cette gr\u00e8ve, les objectifs et le moment particulier\u00bb<\/em>, a pr\u00e9cis\u00e9 M. Djabi, qui a longuement travaill\u00e9 sur le monde syndical alg\u00e9rien et les soubresauts qui l\u2019ont marqu\u00e9 depuis les premi\u00e8res luttes post-ind\u00e9pendance. <span class=\"Apple-converted-space\">\u00a0 \u00a0 \u00a0 \u00a0 \u00a0\u00a0<\/span><\/span><\/p>\n<p><span class=\"post-views-label\">Post Views:<\/span> <span class=\"post-views-count\">784<\/span><\/p>\n<p><br class=\"c2\"\/><\/p>\n<p>Auteur: Anis Khecheba<br \/>\n<a href=\"https:\/\/www.elwatan.com\/edition\/actualite\/appel-a-des-actions-de-protestation-en-signe-de-soutien-aux-detenus-28-11-2019\">Cliquez ici pour lire l&rsquo;article depuis sa source.<\/a><\/p>\n","protected":false},"excerpt":{"rendered":"<p>Lanc\u00e9 \u00e0 l\u2019initiative du comit\u00e9 national pour la lib\u00e9ration des d\u00e9tenus (CNLD) Le CNLD appelle \u00e0 la gr\u00e8ve g\u00e9n\u00e9rale et \u00e0 un rassemblement des mamans et des familles de d\u00e9tenus, aujourd\u2019hui sur la\u00a0place Maurice Audin (Alger). Le Comit\u00e9 national pour la lib\u00e9ration des d\u00e9tenus (CNLD), r\u00e9uni samedi 23 novembre \u00e0 Alger, a appel\u00e9 \u00e0 une [&hellip;]<\/p>\n","protected":false},"author":1743,"featured_media":68805,"comment_status":"closed","ping_status":"closed","sticky":false,"template":"","format":"standard","meta":{"fifu_image_url":"","fifu_image_alt":"","footnotes":""},"categories":[73,53],"tags":[],"class_list":["post-68804","post","type-post","status-publish","format-standard","has-post-thumbnail","hentry","category-actualite","category-algerie"],"_links":{"self":[{"href":"https:\/\/linitiative.ca\/International\/wp-json\/wp\/v2\/posts\/68804","targetHints":{"allow":["GET"]}}],"collection":[{"href":"https:\/\/linitiative.ca\/International\/wp-json\/wp\/v2\/posts"}],"about":[{"href":"https:\/\/linitiative.ca\/International\/wp-json\/wp\/v2\/types\/post"}],"author":[{"embeddable":true,"href":"https:\/\/linitiative.ca\/International\/wp-json\/wp\/v2\/users\/1743"}],"replies":[{"embeddable":true,"href":"https:\/\/linitiative.ca\/International\/wp-json\/wp\/v2\/comments?post=68804"}],"version-history":[{"count":0,"href":"https:\/\/linitiative.ca\/International\/wp-json\/wp\/v2\/posts\/68804\/revisions"}],"wp:featuredmedia":[{"embeddable":true,"href":"https:\/\/linitiative.ca\/International\/wp-json\/"}],"wp:attachment":[{"href":"https:\/\/linitiative.ca\/International\/wp-json\/wp\/v2\/media?parent=68804"}],"wp:term":[{"taxonomy":"category","embeddable":true,"href":"https:\/\/linitiative.ca\/International\/wp-json\/wp\/v2\/categories?post=68804"},{"taxonomy":"post_tag","embeddable":true,"href":"https:\/\/linitiative.ca\/International\/wp-json\/wp\/v2\/tags?post=68804"}],"curies":[{"name":"wp","href":"https:\/\/api.w.org\/{rel}","templated":true}]}}