{"id":68808,"date":"2019-11-28T09:53:43","date_gmt":"2019-11-28T14:53:43","guid":{"rendered":"https:\/\/linitiative.ca\/International\/mascara-deux-morts-et-un-blesse-dans-une-explosion-due-au-gaz\/"},"modified":"2019-11-28T09:53:43","modified_gmt":"2019-11-28T14:53:43","slug":"mascara-deux-morts-et-un-blesse-dans-une-explosion-due-au-gaz","status":"publish","type":"post","link":"https:\/\/linitiative.ca\/International\/mascara-deux-morts-et-un-blesse-dans-une-explosion-due-au-gaz\/","title":{"rendered":"Mascara : Deux morts et un bless\u00e9 dans une explosion due au gaz"},"content":{"rendered":"<h4 class=\"title-14\"\/>\n<div class=\"featured_image\"><img loading=\"lazy\" decoding=\"async\" width=\"720\" height=\"960\" src=\"https:\/\/www.elwatan.com\/wp-content\/uploads\/2019\/11\/Explosion-de-gaz-%C3%A0-Mascara-fait-deux-morts-2.jpg\" class=\"attachment-post-thumbnail size-post-thumbnail wp-post-image\" alt=\"\" srcset=\"https:\/\/www.elwatan.com\/wp-content\/uploads\/2019\/11\/Explosion-de-gaz-\u00e0-Mascara-fait-deux-morts-2.jpg 720w, https:\/\/www.elwatan.com\/wp-content\/uploads\/2019\/11\/Explosion-de-gaz-\u00e0-Mascara-fait-deux-morts-2-225x300.jpg 225w\" sizes=\"auto, (max-width: 720px) 100vw, 720px\"\/><\/div>\n<p>Deux morts et un bless\u00e9, tel est le bilan provisoire d\u2019une puissante explosion provoqu\u00e9e, selon les premi\u00e8res informations, par une fuite de gaz, \u00e0 7 h de ce jeudi 28 novembre, dans une habitation de deux \u00e9tages situ\u00e9e dans la cit\u00e9 dite \u00abCinquante\u00bb, au quartier de Bab Ali, \u00e0 Mascara.<\/p>\n<p>Entendue \u00e0 plusieurs kilom\u00e8tres, la d\u00e9flagration a entra\u00een\u00e9 l\u2019effondrement des deux dalles sup\u00e9rieures et provoqu\u00e9 un incendie au rez-de-chauss\u00e9e de l\u2019habitation.<\/p>\n<p>\u00abL\u2019incendie a \u00e9t\u00e9 maitris\u00e9 par les sapeurs-pompiers arriv\u00e9s sur place vers 7h30\u00bb, nous dira un citoyen du quartier. Et d\u2019ajouter\u00a0: \u00abAu premier lieux, les agents de la protection civile ont r\u00e9ussi \u00e0 secourir une femme, m\u00e8re de famille.\u00bb<\/p>\n<p>Selon le charg\u00e9 de la communication de la protection civil, la victime souffre de br\u00fblures du deuxi\u00e8me degr\u00e9. \u00abElle a \u00e9t\u00e9 \u00e9vacu\u00e9 au service des urgences de l\u2019h\u00f4pital Meslem Tayeb\u00bb, nous dit-il. \u00abSon \u00e9tat de sant\u00e9 est critique\u00bb, nous r\u00e9pondra une source hospitali\u00e8re.<\/p>\n<p>Vers 9h30, le corps sans vie d\u2019un quinquag\u00e9naire, le p\u00e8re, est rep\u00each\u00e9 des d\u00e9combres. Quatre heures apr\u00e8s (13h20), la d\u00e9pouille de la jeune fille (18 ans) sera rep\u00each\u00e9e.<\/p>\n<p><span class=\"post-views-label\">Post Views:<\/span> <span class=\"post-views-count\">432<\/span><\/p>\n<p><br class=\"c2\"\/><\/p>\n<p>Auteur: Mohand Yahiaoui<br \/>\n<a href=\"https:\/\/www.elwatan.com\/regions\/ouest\/mascara\/mascara-deux-morts-et-un-blesse-dans-une-explosion-due-au-gaz-28-11-2019\">Cliquez ici pour lire l&rsquo;article depuis sa source.<\/a><\/p>\n","protected":false},"excerpt":{"rendered":"<p>Deux morts et un bless\u00e9, tel est le bilan provisoire d\u2019une puissante explosion provoqu\u00e9e, selon les premi\u00e8res informations, par une fuite de gaz, \u00e0 7 h de ce jeudi 28 novembre, dans une habitation de deux \u00e9tages situ\u00e9e dans la cit\u00e9 dite \u00abCinquante\u00bb, au quartier de Bab Ali, \u00e0 Mascara. Entendue \u00e0 plusieurs kilom\u00e8tres, la [&hellip;]<\/p>\n","protected":false},"author":1743,"featured_media":68809,"comment_status":"closed","ping_status":"closed","sticky":false,"template":"","format":"standard","meta":{"fifu_image_url":"","fifu_image_alt":"","footnotes":""},"categories":[73,53],"tags":[],"class_list":["post-68808","post","type-post","status-publish","format-standard","has-post-thumbnail","hentry","category-actualite","category-algerie"],"_links":{"self":[{"href":"https:\/\/linitiative.ca\/International\/wp-json\/wp\/v2\/posts\/68808","targetHints":{"allow":["GET"]}}],"collection":[{"href":"https:\/\/linitiative.ca\/International\/wp-json\/wp\/v2\/posts"}],"about":[{"href":"https:\/\/linitiative.ca\/International\/wp-json\/wp\/v2\/types\/post"}],"author":[{"embeddable":true,"href":"https:\/\/linitiative.ca\/International\/wp-json\/wp\/v2\/users\/1743"}],"replies":[{"embeddable":true,"href":"https:\/\/linitiative.ca\/International\/wp-json\/wp\/v2\/comments?post=68808"}],"version-history":[{"count":0,"href":"https:\/\/linitiative.ca\/International\/wp-json\/wp\/v2\/posts\/68808\/revisions"}],"wp:featuredmedia":[{"embeddable":true,"href":"https:\/\/linitiative.ca\/International\/wp-json\/"}],"wp:attachment":[{"href":"https:\/\/linitiative.ca\/International\/wp-json\/wp\/v2\/media?parent=68808"}],"wp:term":[{"taxonomy":"category","embeddable":true,"href":"https:\/\/linitiative.ca\/International\/wp-json\/wp\/v2\/categories?post=68808"},{"taxonomy":"post_tag","embeddable":true,"href":"https:\/\/linitiative.ca\/International\/wp-json\/wp\/v2\/tags?post=68808"}],"curies":[{"name":"wp","href":"https:\/\/api.w.org\/{rel}","templated":true}]}}