{"id":68810,"date":"2019-11-28T10:14:33","date_gmt":"2019-11-28T15:14:33","guid":{"rendered":"https:\/\/linitiative.ca\/International\/situation-des-libertes-en-algerie-le-parlement-europeen-vote-une-resolution-de-soutien-au-hirak\/"},"modified":"2019-11-28T10:14:33","modified_gmt":"2019-11-28T15:14:33","slug":"situation-des-libertes-en-algerie-le-parlement-europeen-vote-une-resolution-de-soutien-au-hirak","status":"publish","type":"post","link":"https:\/\/linitiative.ca\/International\/situation-des-libertes-en-algerie-le-parlement-europeen-vote-une-resolution-de-soutien-au-hirak\/","title":{"rendered":"Situation des libert\u00e9s en Alg\u00e9rie\u00a0: Le Parlement europ\u00e9en vote une r\u00e9solution de soutien au Hirak\u00a0!"},"content":{"rendered":"<h4 class=\"title-14\"\/>\n<div class=\"featured_image\"><img loading=\"lazy\" decoding=\"async\" width=\"4032\" height=\"3024\" src=\"https:\/\/www.elwatan.com\/wp-content\/uploads\/2019\/11\/PSX_20191128_160513.jpg\" class=\"attachment-post-thumbnail size-post-thumbnail wp-post-image\" alt=\"\" srcset=\"https:\/\/www.elwatan.com\/wp-content\/uploads\/2019\/11\/PSX_20191128_160513.jpg 4032w, https:\/\/www.elwatan.com\/wp-content\/uploads\/2019\/11\/PSX_20191128_160513-300x225.jpg 300w, https:\/\/www.elwatan.com\/wp-content\/uploads\/2019\/11\/PSX_20191128_160513-768x576.jpg 768w, https:\/\/www.elwatan.com\/wp-content\/uploads\/2019\/11\/PSX_20191128_160513-1024x768.jpg 1024w, https:\/\/www.elwatan.com\/wp-content\/uploads\/2019\/11\/PSX_20191128_160513-1320x990.jpg 1320w\" sizes=\"auto, (max-width: 4032px) 100vw, 4032px\"\/><\/div>\n<p><strong>Le Parlement europ\u00e9en a adopt\u00e9, aujourd\u2019hui, une r\u00e9solution sur<\/strong> <strong><em>\u00ab\u00a0La situation des libert\u00e9s en Alg\u00e9rie\u00a0\u00bb,<\/em><\/strong> <strong>particuli\u00e8rement depuis le d\u00e9but de la r\u00e9volution citoyenne du 22 f\u00e9vrier<\/strong><strong><em>.<\/em><\/strong> <strong>Le texte, vot\u00e9 \u00e0 une large majorit\u00e9 en pl\u00e9ni\u00e8re, a<\/strong> <strong><em>\u00ab\u00a0condamn\u00e9 vivement l\u2019arrestation arbitraire et ill\u00e9gale, la d\u00e9tention, les intimidations et les attaques de journalistes, de syndicalistes, d\u2019avocats, d\u2019\u00e9tudiants, de d\u00e9fenseurs des droits de l\u2019homme et de la soci\u00e9t\u00e9 civile ainsi que de tous les manifestants pacifiques qui participent aux manifestations pacifiques du Hirak\u00a0\u00bb.<\/em><\/strong><\/p>\n<p><span class=\"c4\">Dans ce sillage, consid\u00e9rant que le Hirak<\/span> <em><span class=\"c4\">\u00ab<\/span><\/em> <em><span class=\"c4\">constitue le plus grand mouvement de protestation en Alg\u00e9rie\u00a0\u00bb<\/span><\/em><span class=\"c4\">, l\u2019assembl\u00e9e europ\u00e9enne a exhort\u00e9 les autorit\u00e9s alg\u00e9riennes \u2013 qui seraient incarn\u00e9es, depuis la d\u00e9mission d\u2019Abdelaziz Bouteflika, par Abdelkader Bensalah, occupant<\/span> <em><span class=\"c4\">\u00ab\u00a0la charge de chef de l\u2019\u00c9tat faisant fonction\u00a0\u00bb<\/span><\/em><span class=\"c4\">, et le commandement militaire, dirig\u00e9 par le g\u00e9n\u00e9ral de corps d\u2019arm\u00e9e Ahmed Ga\u00efd Salah,<\/span> <em><span class=\"c4\">\u00ab\u00a0exer\u00e7ant ouvertement le pouvoir dans le pays\u00a0\u00bb<\/span><\/em> <span class=\"c4\">\u2013\u00a0 de<\/span> <em><span class=\"c4\">\u00ab\u00a0trouver<\/span><\/em> <em><span class=\"c4\">une solution \u00e0 la crise sur la base d\u2019un processus politique pacifique et ouvert\u00a0\u00bb<\/span><\/em><span class=\"c4\">.<\/span><\/p>\n<p><span class=\"c4\">Pour ce faire, toujours selon ladite r\u00e9solution introduite dans le cadre des d\u00e9bats au sein du Parlement europ\u00e9en sur des<\/span> <em><span class=\"c4\">\u00ab\u00a0cas de violation des droits de l\u2019homme, de la d\u00e9mocratie et de l\u2019\u00e9tat de droit\u00a0\u00bb<\/span><\/em> <span class=\"c4\">\u00e0 travers le monde, il faudrait<\/span> <em><span class=\"c4\">\u00ab\u00a0la lib\u00e9ration imm\u00e9diate et inconditionnelle de toutes les personnes inculp\u00e9es pour avoir exerc\u00e9 leur droit \u00e0 la libert\u00e9 d\u2019expression\u00a0\u00bb<\/span><\/em> <span class=\"c4\">(militants politiques, journalistes, d\u00e9fenseurs des droits de l\u2019homme, etc.).\u00a0<\/span><\/p>\n<p><span class=\"c4\">Soulignant l\u2019<\/span><em><span class=\"c4\">\u00abimportance fondamentale\u00a0\u00bb<\/span><\/em> <span class=\"c4\">d\u2019une justice ind\u00e9pendante pour le<\/span> <em><span class=\"c4\">\u00ab\u00a0fonctionnement d\u2019une d\u00e9mocratie\u00a0\u00bb<\/span><\/em><span class=\"c4\">, les r\u00e9dacteurs d\u00e9noncent des<\/span> <em><span class=\"c4\">\u00ab\u00a0d\u00e9tentions arbitraires\u00a0\u00bb<\/span><\/em><span class=\"c4\">, rappelant que les<\/span> <em><span class=\"c4\">\u00ab\u00a0activit\u00e9s sont autoris\u00e9es par le droit alg\u00e9rien et conformes aux instruments internationaux en mati\u00e8re de droits de l\u2019homme que l\u2019Alg\u00e9rie a ratifi\u00e9s\u00a0\u00bb<\/span><\/em><span class=\"c4\">.<\/span> <span class=\"c4\">Sur ce m\u00eame sujet, tout en<\/span> <em><span class=\"c4\">\u00ab\u00a0saluant la reconnaissance constitutionnelle du tamazight comme langue officielle en\u00a02016 et encourageant son application concr\u00e8te\u00a0\u00bb<\/span><\/em><span class=\"c4\">, les d\u00e9put\u00e9s europ\u00e9ens<\/span> <em><span class=\"c4\">\u00ab\u00a0demandent la lib\u00e9ration imm\u00e9diate et inconditionnelle des 42\u00a0manifestants arr\u00eat\u00e9s pour avoir brandi le drapeau amazigh\u00a0\u00bb.<\/span><\/em><\/p>\n<p><span class=\"c4\">Ils ont, ensuite, appel\u00e9 le gouvernement alg\u00e9rien \u00e0 respecter ses engagements en mati\u00e8re du respect et la garantie du<\/span> <em><span class=\"c4\">\u00ab\u00a0droit \u00e0 la libert\u00e9 d\u2019expression, d\u2019association et de r\u00e9union pacifique et \u00e0 la libert\u00e9 des m\u00e9dias\u00a0\u00bb<\/span><\/em> <span class=\"c4\">et l\u2019ont invit\u00e9 \u00e0<\/span> <em><span class=\"c4\">\u00ab\u00a0mettre fin \u00e0 toute forme d\u2019intimidation, y compris le harc\u00e8lement judiciaire et l\u00e9gislatif, l\u2019incrimination ainsi que les arrestations et les d\u00e9tentions arbitraires \u00e0 l\u2019encontre des manifestants pacifiques, des d\u00e9fenseurs des droits de l\u2019homme, des journalistes critiques et des blogueurs ainsi qu\u2019\u00e0 prendre les mesures voulues pour garantir leur protection physique et psychologique, leur s\u00e9curit\u00e9 et leur libert\u00e9 de mener leurs activit\u00e9s l\u00e9gitimes et pacifiques\u00a0\u00bb<\/span><\/em><span class=\"c4\">.\u00a0<\/span><\/p>\n<p><span class=\"c4\">En outre, le texte de la r\u00e9solution a rejet\u00e9<\/span> <em><span class=\"c4\">\u00ab\u00a0toute forme de recours excessif \u00e0 la force \u00bb<\/span><\/em> <span class=\"c4\">envers les manifestants et les opposants. C\u2019est pourquoi, il lance un appel aux autorit\u00e9s alg\u00e9riennes pour<\/span> <em><span class=\"c4\">\u00ab\u00a0proc\u00e9der \u00e0 une enqu\u00eate ind\u00e9pendante sur tous les cas de recours excessif \u00e0 la force par les membres des forces de s\u00e9curit\u00e9 et \u00e0 traduire en justice leurs auteurs\u00a0\u00bb<\/span><\/em> <span class=\"c4\">et<\/span> <em><span class=\"c4\">\u00ab\u00a0invite le Service europ\u00e9en pour l\u2019Action ext\u00e9rieure, la Commission et les \u00c9tats membres \u00e0 soutenir les groupes de la soci\u00e9t\u00e9 civile, les d\u00e9fenseurs des droits de l\u2019homme, les journalistes et les manifestants, notamment par l\u2019organisation de visites en prison, le suivi des proc\u00e8s et des d\u00e9clarations publiques\u00a0\u00bb<\/span><\/em><span class=\"c4\">.\u00a0<\/span><\/p>\n<p><span class=\"c4\">Par ailleurs, les \u00e9lus europ\u00e9ens ont exig\u00e9<\/span> <em><span class=\"c4\">\u00ab\u00a0l\u2019arr\u00eat des violations\u00a0de la libert\u00e9 de culte \u00bb<\/span><\/em> <span class=\"c4\">des minorit\u00e9s religieuses. Cette question aurait \u00e9t\u00e9 int\u00e9gr\u00e9e dans le texte apr\u00e8s le forcing de la droite conservatrice europ\u00e9enne, partant notamment du constat de la fermeture de<\/span> <em><span class=\"c4\">\u00ab<\/span><\/em> <em><span class=\"c4\">plusieurs \u00e9glises, dont la plupart appartiennent \u00e0 l\u2019\u00c9glise protestante d\u2019Alg\u00e9rie \u00bb<\/span><\/em><span class=\"c4\">.<\/span><\/p>\n<p><span class=\"c4\">Nous reviendrons sur les tenants et les aboutissants de cette r\u00e9solution dans un prochain article, \u00e0 para\u00eetre dans notre \u00e9dition papier de samedi 30 novembre 2019, accompagn\u00e9 d\u2019une interview exclusive avec Rapha\u00ebl Glucksmann, l\u2019un des eurod\u00e9put\u00e9s qui ont travaill\u00e9 activement pour l\u2019adoption du texte.<\/span><\/p>\n<p class=\"c5\"><strong>Strasbourg\u00a0<\/strong><\/p>\n<p class=\"c5\"><strong>De notre envoy\u00e9 sp\u00e9cial\u00a0<\/strong><\/p>\n<p><span class=\"post-views-label\">Post Views:<\/span> <span class=\"post-views-count\">6\u00a0682<\/span><\/p>\n<p><br class=\"c2\"\/><\/p>\n<p>Auteur: Mohand Yahiaoui<br \/>\n<a href=\"https:\/\/www.elwatan.com\/a-la-une\/situation-des-libertes-en-algerie-le-parlement-europeen-vote-une-resolution-de-soutien-au-hirak-28-11-2019\">Cliquez ici pour lire l&rsquo;article depuis sa source.<\/a><\/p>\n","protected":false},"excerpt":{"rendered":"<p>Le Parlement europ\u00e9en a adopt\u00e9, aujourd\u2019hui, une r\u00e9solution sur \u00ab\u00a0La situation des libert\u00e9s en Alg\u00e9rie\u00a0\u00bb, particuli\u00e8rement depuis le d\u00e9but de la r\u00e9volution citoyenne du 22 f\u00e9vrier. Le texte, vot\u00e9 \u00e0 une large majorit\u00e9 en pl\u00e9ni\u00e8re, a \u00ab\u00a0condamn\u00e9 vivement l\u2019arrestation arbitraire et ill\u00e9gale, la d\u00e9tention, les intimidations et les attaques de journalistes, de syndicalistes, d\u2019avocats, d\u2019\u00e9tudiants, [&hellip;]<\/p>\n","protected":false},"author":1743,"featured_media":0,"comment_status":"closed","ping_status":"closed","sticky":false,"template":"","format":"standard","meta":{"fifu_image_url":"","fifu_image_alt":"","footnotes":""},"categories":[73,53],"tags":[],"class_list":["post-68810","post","type-post","status-publish","format-standard","hentry","category-actualite","category-algerie"],"_links":{"self":[{"href":"https:\/\/linitiative.ca\/International\/wp-json\/wp\/v2\/posts\/68810","targetHints":{"allow":["GET"]}}],"collection":[{"href":"https:\/\/linitiative.ca\/International\/wp-json\/wp\/v2\/posts"}],"about":[{"href":"https:\/\/linitiative.ca\/International\/wp-json\/wp\/v2\/types\/post"}],"author":[{"embeddable":true,"href":"https:\/\/linitiative.ca\/International\/wp-json\/wp\/v2\/users\/1743"}],"replies":[{"embeddable":true,"href":"https:\/\/linitiative.ca\/International\/wp-json\/wp\/v2\/comments?post=68810"}],"version-history":[{"count":0,"href":"https:\/\/linitiative.ca\/International\/wp-json\/wp\/v2\/posts\/68810\/revisions"}],"wp:attachment":[{"href":"https:\/\/linitiative.ca\/International\/wp-json\/wp\/v2\/media?parent=68810"}],"wp:term":[{"taxonomy":"category","embeddable":true,"href":"https:\/\/linitiative.ca\/International\/wp-json\/wp\/v2\/categories?post=68810"},{"taxonomy":"post_tag","embeddable":true,"href":"https:\/\/linitiative.ca\/International\/wp-json\/wp\/v2\/tags?post=68810"}],"curies":[{"name":"wp","href":"https:\/\/api.w.org\/{rel}","templated":true}]}}