{"id":68812,"date":"2019-11-28T04:27:00","date_gmt":"2019-11-28T09:27:00","guid":{"rendered":"https:\/\/linitiative.ca\/International\/riadh-essid-directeur-general-ameriques-asie-oceanie\/"},"modified":"2019-11-28T04:27:00","modified_gmt":"2019-11-28T09:27:00","slug":"riadh-essid-directeur-general-ameriques-asie-oceanie","status":"publish","type":"post","link":"https:\/\/linitiative.ca\/International\/riadh-essid-directeur-general-ameriques-asie-oceanie\/","title":{"rendered":"Riadh Essid: Directeur G\u00e9n\u00e9ral Am\u00e9riques, Asie, Oc\u00e9anie"},"content":{"rendered":"<p>C\u2019est un diplomate chevronn\u00e9 qui est d\u00e9sign\u00e9 pour une importante mission d\u2019impulsion. Ministre-pl\u00e9nipotentiaire hors classe (depuis 2017), l\u2019ambassadeur Riadh Essid a toujours laiss\u00e9 son empreinte dans tous les postes qu\u2019il a occup\u00e9s. Ambassadeur de Tunisie au Canada et \u00e0 Cuba (avec r\u00e9sidence \u00e0 Ottawa &#8211; 2012-2017), il a imprim\u00e9 aux relations bilat\u00e9rales un \u00e9lan significatif. Sa ma\u00eetrise de la langue espagnole lui a \u00e9t\u00e9 d\u2019une grande utilit\u00e9 \u00e0 Cuba, comme en Guin\u00e9e-Bissau, qu\u2019il couvrait \u00e0 partir de Yaound\u00e9, lors de son affectation au Cameroun. En 2012, il \u00e9tait nomm\u00e9 conseiller diplomatique aupr\u00e8s du pr\u00e9sident de la R\u00e9publique.<\/p>\n<p>Dipl\u00f4m\u00e9 de l\u2019Institut Bourguiba des langues vivantes (en 1983, master en traduction en arabe, anglais et espagnol), de relations internationales et de diplomatie obtenu \u00e0 l\u2019Institut diplomatique de Madrid (1987-1988), l\u2019ambassadeur Riadh Essid a rejoint le minist\u00e8re des Affaires \u00e9trang\u00e8res o\u00f9 il a occup\u00e9 divers postes au sein du d\u00e9partement et \u00e0 l\u2019\u00e9tranger, notamment \u00e0 Jakarta, Pretoria et Yaound\u00e9.<\/p>\n<p>Auteur:<br \/>\n<a href=\"https:\/\/www.leaders.com.tn\/article\/28516-riadh-essid-directeur-general-ameriques-asie-oceanie\">Cliquez ici pour lire l&rsquo;article depuis sa source.<\/a><\/p>\n","protected":false},"excerpt":{"rendered":"<p>C\u2019est un diplomate chevronn\u00e9 qui est d\u00e9sign\u00e9 pour une importante mission d\u2019impulsion. Ministre-pl\u00e9nipotentiaire hors classe (depuis 2017), l\u2019ambassadeur Riadh Essid a toujours laiss\u00e9 son empreinte dans tous les postes qu\u2019il a occup\u00e9s. Ambassadeur de Tunisie au Canada et \u00e0 Cuba (avec r\u00e9sidence \u00e0 Ottawa &#8211; 2012-2017), il a imprim\u00e9 aux relations bilat\u00e9rales un \u00e9lan significatif. [&hellip;]<\/p>\n","protected":false},"author":1772,"featured_media":0,"comment_status":"closed","ping_status":"closed","sticky":false,"template":"","format":"standard","meta":{"fifu_image_url":"","fifu_image_alt":"","footnotes":""},"categories":[73,55],"tags":[],"class_list":["post-68812","post","type-post","status-publish","format-standard","hentry","category-actualite","category-tunisie"],"_links":{"self":[{"href":"https:\/\/linitiative.ca\/International\/wp-json\/wp\/v2\/posts\/68812","targetHints":{"allow":["GET"]}}],"collection":[{"href":"https:\/\/linitiative.ca\/International\/wp-json\/wp\/v2\/posts"}],"about":[{"href":"https:\/\/linitiative.ca\/International\/wp-json\/wp\/v2\/types\/post"}],"author":[{"embeddable":true,"href":"https:\/\/linitiative.ca\/International\/wp-json\/wp\/v2\/users\/1772"}],"replies":[{"embeddable":true,"href":"https:\/\/linitiative.ca\/International\/wp-json\/wp\/v2\/comments?post=68812"}],"version-history":[{"count":0,"href":"https:\/\/linitiative.ca\/International\/wp-json\/wp\/v2\/posts\/68812\/revisions"}],"wp:attachment":[{"href":"https:\/\/linitiative.ca\/International\/wp-json\/wp\/v2\/media?parent=68812"}],"wp:term":[{"taxonomy":"category","embeddable":true,"href":"https:\/\/linitiative.ca\/International\/wp-json\/wp\/v2\/categories?post=68812"},{"taxonomy":"post_tag","embeddable":true,"href":"https:\/\/linitiative.ca\/International\/wp-json\/wp\/v2\/tags?post=68812"}],"curies":[{"name":"wp","href":"https:\/\/api.w.org\/{rel}","templated":true}]}}