{"id":68814,"date":"2019-11-28T10:31:00","date_gmt":"2019-11-28T15:31:00","guid":{"rendered":"https:\/\/linitiative.ca\/International\/34eme-edition-des-journees-de-lentreprise-2019-lentreprise-et-le-nouveau-role-de-letat-quelles-solutions-photos-et-video\/"},"modified":"2019-11-28T10:31:00","modified_gmt":"2019-11-28T15:31:00","slug":"34eme-edition-des-journees-de-lentreprise-2019-lentreprise-et-le-nouveau-role-de-letat-quelles-solutions-photos-et-video","status":"publish","type":"post","link":"https:\/\/linitiative.ca\/International\/34eme-edition-des-journees-de-lentreprise-2019-lentreprise-et-le-nouveau-role-de-letat-quelles-solutions-photos-et-video\/","title":{"rendered":"34\u00e8me \u00e9dition des Journ\u00e9es de l\u2019Entreprise 2019: \u00abL\u2019Entreprise et le Nouveau R\u00f4le de l\u2019Etat\u00bb, quelles solutions? (Photos et Vid\u00e9o)"},"content":{"rendered":"<p>Sous le th\u00e8me: \u00abL\u2019Entreprise et le Nouveau R\u00f4le de l\u2019Etat\u00bb, la 34\u00e8me \u00e9dition des journ\u00e9es de l\u2019Entreprise se tiendra cette ann\u00e9e, les 6 et 7 d\u00e9cembre \u00e0 Sousse. Elle verra la participation de plus de 1000 personnes.\u00a0Selon\u00a0Taieb Bayahi, pr\u00e9sident de l\u2019 IACE, elle accueillera d\u2019illustres intervenants tunisiens et \u00e9trangers dont Mohamed Ennaceur, ancien pr\u00e9sident de la R\u00e9publique, et Youssef Chahed, chef du gouvernement charg\u00e9 de l&rsquo;exp\u00e9dition des affaires courantes, ainsi que des personnalit\u00e9s du monde des affaires de Tunisie et d&rsquo;une dizaine d&rsquo;autres pays dont la France, l\u2019Allemagne, le Portugal, l\u2019Afrique du Sud, la Turquie, et la Gr\u00e8ce.\u00a0Aussi, prendront part \u00e0 ces assises des membres du gouvernement, et les dirigeants de l&rsquo;UGTT et de l&rsquo;UTICA.<\/p>\n<p>Ce n\u2019est pas la premi\u00e8re fois que l\u2019IACE, en tant que Think-Tank \u00e9conomique, traite du nouveau r\u00f4le de l\u2019Etat. Cette probl\u00e9matique avait d\u00e9j\u00e0 \u00e9t\u00e9\u00a0 d\u00e9battue\u00a0 en 1993 et en 2007\u00bb, a ajout\u00e9 M. Bayahi. De son c\u00f4t\u00e9, Nafaa Ennaifer, coordinateur des journ\u00e9es de l\u2019entreprise, a fait remarquer que cette \u00e9dition portera sur quatre th\u00e8me principaux. Un panel d\u2019ouverture sera intitul\u00e9 \u00abcrise politique: pour un \u00e9tat efficace .<\/p>\n<p>\u00abLa crise politique que nous vivons g\u00e9n\u00e8re de nouvelles attentes\u00a0 \u00e0 l\u2019\u00e9gard de l\u2019Etat. Un Etat efficace qui assure la stabilit\u00e9 et l\u2019efficacit\u00e9 des institutions publiques et la mise en place des r\u00e9formes annonc\u00e9es. Ce panel discutera les d\u00e9fis soulev\u00e9s par cette crise politique et les alternatives pour y faire face \u00bb, a ajout\u00e9 M. Ennaifer.<\/p>\n<p>Le premier panel traitera de la \u00abCrise Economique et le R\u00f4le de l\u2019Etat\u00bb. Le suivant se focalisera sur la \u00abCrise Sociale: Quel Mod\u00e8le d\u2019Inclusion \u00e0 adopter?\u00bb. Le troisi\u00e8me traitera du th\u00e8me de la \u00abCrise Technologique et la Transformation Digitale de l\u2019Etat\u00bb. Le dernier panel traitera de \u00abLa Crise des Valeurs: Vers un Etat R\u00e9gulateur\u00bb.<\/p>\n<p class=\"c2\"><iframe loading=\"lazy\" src=\"https:\/\/www.youtube.com\/embed\/UPesIRNrULE\" allow=\"accelerometer; autoplay; encrypted-media; gyroscope; picture-in-picture\" allowfullscreen=\"\" width=\"560\" height=\"315\" frameborder=\"0\">[embedded content]<\/iframe><\/p>\n<p>Majdi Hassen, directeur ex\u00e9cutif de l\u2019IACE, a expliqu\u00e9 que face \u00e0 des enjeux majeurs, \u00e0 l\u2019instar de la raret\u00e9 des ressources, la cha\u00eene de valeurs, la mutation num\u00e9rique et digitale et la concurrence internationale port\u00e9e par les strat\u00e9gies industrielles de plusieurs pays, la Tunisie a plus que jamais besoin d\u2019un Etat qui soit en mesure d\u2019identifier les opportunit\u00e9s, les fili\u00e8res et les partenaires de demain, et d\u2019exercer un r\u00f4le de veille et d\u2019intelligence \u00e9conomique, d\u2019\u00e9valuation et de prospective, et qui puisse coordonner les initiatives priv\u00e9es et les mobiliser en faveur de projets et de fili\u00e8res strat\u00e9giques. M. Hassen, a conclu que la Tunisie a besoin d\u2019un Etat r\u00e9actif qui se concentrera sur ses missions essentielles, tout en se d\u00e9sengageant de certaines t\u00e2ches et activit\u00e9s.<\/p>\n<p>\u00abLa 34\u00e8me \u00e9dition des journ\u00e9es de l\u2019Entreprise sera une occasion pour d\u00e9battre du r\u00f4le de l\u2019Etat et les missions ou les nouvelles t\u00e2ches que nous souhaitons lui donner \u00e0 la lumi\u00e8re de la crise de la d\u00e9cision politique qui appelle \u00e0 red\u00e9finir les fonctions des \u00c9tats: un \u00c9tat autrement, un \u00c9tat-r\u00e9gulateur et arbitre plus que strat\u00e8ge et qui soit adapt\u00e9 aux besoins et aux caract\u00e9ristiques du monde actuel.\u00bb, a signal\u00e9 Amine Ayed, membre du comit\u00e9 de l\u2019IACE.\u00a0<\/p>\n<p class=\"c3\"><strong>Najeh Kharrez<\/strong><\/p>\n<p>Auteur:<br \/>\n<a href=\"https:\/\/www.leaders.com.tn\/article\/28519-34eme-edition-des-journees-de-l-entreprise-2019-l-entreprise-le-nouveau-role-de-l-etat-quelles-seront-les-solutions-proposees\">Cliquez ici pour lire l&rsquo;article depuis sa source.<\/a><\/p>\n","protected":false},"excerpt":{"rendered":"<p>Sous le th\u00e8me: \u00abL\u2019Entreprise et le Nouveau R\u00f4le de l\u2019Etat\u00bb, la 34\u00e8me \u00e9dition des journ\u00e9es de l\u2019Entreprise se tiendra cette ann\u00e9e, les 6 et 7 d\u00e9cembre \u00e0 Sousse. Elle verra la participation de plus de 1000 personnes.\u00a0Selon\u00a0Taieb Bayahi, pr\u00e9sident de l\u2019 IACE, elle accueillera d\u2019illustres intervenants tunisiens et \u00e9trangers dont Mohamed Ennaceur, ancien pr\u00e9sident de [&hellip;]<\/p>\n","protected":false},"author":1772,"featured_media":0,"comment_status":"closed","ping_status":"closed","sticky":false,"template":"","format":"standard","meta":{"fifu_image_url":"","fifu_image_alt":"","footnotes":""},"categories":[73,55],"tags":[],"class_list":["post-68814","post","type-post","status-publish","format-standard","hentry","category-actualite","category-tunisie"],"_links":{"self":[{"href":"https:\/\/linitiative.ca\/International\/wp-json\/wp\/v2\/posts\/68814","targetHints":{"allow":["GET"]}}],"collection":[{"href":"https:\/\/linitiative.ca\/International\/wp-json\/wp\/v2\/posts"}],"about":[{"href":"https:\/\/linitiative.ca\/International\/wp-json\/wp\/v2\/types\/post"}],"author":[{"embeddable":true,"href":"https:\/\/linitiative.ca\/International\/wp-json\/wp\/v2\/users\/1772"}],"replies":[{"embeddable":true,"href":"https:\/\/linitiative.ca\/International\/wp-json\/wp\/v2\/comments?post=68814"}],"version-history":[{"count":0,"href":"https:\/\/linitiative.ca\/International\/wp-json\/wp\/v2\/posts\/68814\/revisions"}],"wp:attachment":[{"href":"https:\/\/linitiative.ca\/International\/wp-json\/wp\/v2\/media?parent=68814"}],"wp:term":[{"taxonomy":"category","embeddable":true,"href":"https:\/\/linitiative.ca\/International\/wp-json\/wp\/v2\/categories?post=68814"},{"taxonomy":"post_tag","embeddable":true,"href":"https:\/\/linitiative.ca\/International\/wp-json\/wp\/v2\/tags?post=68814"}],"curies":[{"name":"wp","href":"https:\/\/api.w.org\/{rel}","templated":true}]}}