{"id":68816,"date":"2019-11-28T15:10:00","date_gmt":"2019-11-28T20:10:00","guid":{"rendered":"https:\/\/linitiative.ca\/International\/la-manifestation-tunis-capitale-de-la-culture-islamique-2019-passee-sous-silence\/"},"modified":"2019-11-28T15:10:00","modified_gmt":"2019-11-28T20:10:00","slug":"la-manifestation-tunis-capitale-de-la-culture-islamique-2019-passee-sous-silence","status":"publish","type":"post","link":"https:\/\/linitiative.ca\/International\/la-manifestation-tunis-capitale-de-la-culture-islamique-2019-passee-sous-silence\/","title":{"rendered":"La manifestation Tunis capitale de la culture islamique  2019 pass\u00e9e sous silence"},"content":{"rendered":"<p class=\"MsoNormal\">La manifestation Tunis capitale islamique en 2019 vit ses derniers jours. Et pourtant personne ne s\u2019en est aper\u00e7u. Personnellement, je l\u2019ai appris il y a quelques jours en lisant un bref communiqu\u00e9 annon\u00e7ant la<span class=\"c2\">\u00a0<\/span> c\u00e9r\u00e9monie de cl\u00f4ture de cet \u00e9v\u00e8nement. M\u00eame la magnifique encyclop\u00e9die sur Tunis publi\u00e9e dans les deux langues pour l\u2019occasion qui aurait pu attirer l\u2019attention par son exhaustivit\u00e9 et sa qualit\u00e9 \u00e9ditoriale <span class=\"c2\">n&rsquo;a b\u00e9n\u00e9fici\u00e9 d&rsquo;aucune publicit\u00e9<\/span>. C\u2019est dommage. Une fois de plus, nous laissons passer une occasion unique pour montrer la diversit\u00e9 et la qualit\u00e9 de notre patrimoine islamique et faire mieux conna\u00eetre nos savants et leurs oeuvres.<\/p>\n<p>Auteur:<br \/>\n<a href=\"https:\/\/www.leaders.com.tn\/article\/28521-la-manifestation-tunis-capitale-islamique-2019-passee-sous-silence\">Cliquez ici pour lire l&rsquo;article depuis sa source.<\/a><\/p>\n","protected":false},"excerpt":{"rendered":"<p>La manifestation Tunis capitale islamique en 2019 vit ses derniers jours. Et pourtant personne ne s\u2019en est aper\u00e7u. Personnellement, je l\u2019ai appris il y a quelques jours en lisant un bref communiqu\u00e9 annon\u00e7ant la\u00a0 c\u00e9r\u00e9monie de cl\u00f4ture de cet \u00e9v\u00e8nement. M\u00eame la magnifique encyclop\u00e9die sur Tunis publi\u00e9e dans les deux langues pour l\u2019occasion qui aurait [&hellip;]<\/p>\n","protected":false},"author":1772,"featured_media":0,"comment_status":"closed","ping_status":"closed","sticky":false,"template":"","format":"standard","meta":{"fifu_image_url":"","fifu_image_alt":"","footnotes":""},"categories":[73,55],"tags":[],"class_list":["post-68816","post","type-post","status-publish","format-standard","hentry","category-actualite","category-tunisie"],"_links":{"self":[{"href":"https:\/\/linitiative.ca\/International\/wp-json\/wp\/v2\/posts\/68816","targetHints":{"allow":["GET"]}}],"collection":[{"href":"https:\/\/linitiative.ca\/International\/wp-json\/wp\/v2\/posts"}],"about":[{"href":"https:\/\/linitiative.ca\/International\/wp-json\/wp\/v2\/types\/post"}],"author":[{"embeddable":true,"href":"https:\/\/linitiative.ca\/International\/wp-json\/wp\/v2\/users\/1772"}],"replies":[{"embeddable":true,"href":"https:\/\/linitiative.ca\/International\/wp-json\/wp\/v2\/comments?post=68816"}],"version-history":[{"count":0,"href":"https:\/\/linitiative.ca\/International\/wp-json\/wp\/v2\/posts\/68816\/revisions"}],"wp:attachment":[{"href":"https:\/\/linitiative.ca\/International\/wp-json\/wp\/v2\/media?parent=68816"}],"wp:term":[{"taxonomy":"category","embeddable":true,"href":"https:\/\/linitiative.ca\/International\/wp-json\/wp\/v2\/categories?post=68816"},{"taxonomy":"post_tag","embeddable":true,"href":"https:\/\/linitiative.ca\/International\/wp-json\/wp\/v2\/tags?post=68816"}],"curies":[{"name":"wp","href":"https:\/\/api.w.org\/{rel}","templated":true}]}}