{"id":68819,"date":"2019-11-28T16:14:34","date_gmt":"2019-11-28T21:14:34","guid":{"rendered":"https:\/\/linitiative.ca\/International\/tunisie-lugtt-cible-par-linstance-dacces-a-linformation\/"},"modified":"2019-11-28T16:14:34","modified_gmt":"2019-11-28T21:14:34","slug":"tunisie-lugtt-cible-par-linstance-dacces-a-linformation","status":"publish","type":"post","link":"https:\/\/linitiative.ca\/International\/tunisie-lugtt-cible-par-linstance-dacces-a-linformation\/","title":{"rendered":"Tunisie \u2013 L\u2019UGTT cibl\u00e9 par l\u2019instance d\u2019acc\u00e8s \u00e0 l\u2019information"},"content":{"rendered":"<div class=\"post-cont-in left relative\">\n<div class=\"swp_social_panel swp_horizontal_panel swp_flat_fresh swp_default_full_color swp_individual_full_color swp_other_full_color scale-100 scale-\" data-min-width=\"1100\" data-float-color=\"#ffffff\" data-float=\"none\" data-float-mobile=\"none\" data-transition=\"slide\">\n<div class=\"nc_tweetContainer swp_share_button total_shares total_sharesalt\"><span class=\"swp_count\">14 <span class=\"swp_label\">Partages<\/span><\/span><\/div>\n<\/div>\n<p>L\u2019instance d\u2019acc\u00e8s \u00e0 l\u2019information a \u00e9mis, ce jeudi, une d\u00e9cision, mettant en demeure l\u2019UGTT et lui demandant de permettre l\u2019acc\u00e8s \u00e0 ses finances et aux r\u00e9sultats des audits financiers qui l\u2019ont examin\u00e9e.<\/p>\n<div class=\"code-block code-block-1 c3\"><ins class=\"adsbygoogle c2\" data-ad-layout=\"in-article\" data-ad-format=\"fluid\" data-ad-client=\"ca-pub-2102118777505746\" data-ad-slot=\"7301775417\"\/> <\/div>\n<p>Par ailleurs, l\u2019instance a demand\u00e9 \u00e0 l\u2019UGTT d\u2019annoncer le nombre exact de syndicalistes qui sont d\u00e9tach\u00e9s \u00e0 plein temps de leurs administrations et emplois d\u2019origine, pour exercer \u00e0 plein temps \u00e0 la centrale syndicale.<\/p>\n<div class=\"code-block code-block-2 c3\"><ins class=\"adsbygoogle c2\" data-ad-layout=\"in-article\" data-ad-format=\"fluid\" data-ad-client=\"ca-pub-2102118777505746\" data-ad-slot=\"7301775417\"\/> <\/div>\n<p>Il semble que le nouvel \u00e9chiquier politique dans le pays va chercher l\u2019affrontement avec l\u2019UGTT et\u00a0 essayer de forcer la mont\u00e9e en puissance du syndicat proche des islamistes, l\u2019UTT.<\/p>\n<p><strong>Que se passe-t-il en Tunisie?<\/strong><br \/>Nous expliquons sur notre <a href=\"https:\/\/www.youtube.com\/channel\/UCRzypVq0B_yBad5eGrwBx0Q?sub_confirmation=1\" target=\"_blank\" rel=\"noopener noreferrer\">cha\u00eene YouTube<\/a> . <a href=\"https:\/\/www.youtube.com\/channel\/UCRzypVq0B_yBad5eGrwBx0Q?sub_confirmation=1\" target=\"_blank\" rel=\"noopener noreferrer\">Abonnez-vous!<\/a><\/p>\n<div class=\"mvp-org-wrap mvp-org-logo\" itemprop=\"publisher\" itemscope=\"\" itemtype=\"https:\/\/schema.org\/Organization\"><img decoding=\"async\" src=\"https:\/\/www.tunisienumerique.com\/wp-content\/uploads\/2017\/02\/logo_tunisie_numerique.png\"\/><\/div>\n<div class=\"swp_social_panel swp_horizontal_panel swp_flat_fresh swp_default_full_color swp_individual_full_color swp_other_full_color scale-100 scale-\" data-min-width=\"1100\" data-float-color=\"#ffffff\" data-float=\"none\" data-float-mobile=\"none\" data-transition=\"slide\">\n<div class=\"nc_tweetContainer swp_share_button total_shares total_sharesalt\"><span class=\"swp_count\">14 <span class=\"swp_label\">Partages<\/span><\/span><\/div>\n<\/div>\n<div class=\"mvp-related-posts left relative\">\n<h4 class=\"post-header\"><span class=\"post-header\">Lire aussi<\/span><\/h4>\n<\/div>\n<\/div>\n<p>Auteur: LM<br \/>\n<a href=\"https:\/\/www.tunisienumerique.com\/tunisie-lugtt-cible-par-linstance-dacces-a-linformation\/\">Cliquez ici pour lire l&rsquo;article depuis sa source.<\/a><\/p>\n","protected":false},"excerpt":{"rendered":"<p>14 Partages L\u2019instance d\u2019acc\u00e8s \u00e0 l\u2019information a \u00e9mis, ce jeudi, une d\u00e9cision, mettant en demeure l\u2019UGTT et lui demandant de permettre l\u2019acc\u00e8s \u00e0 ses finances et aux r\u00e9sultats des audits financiers qui l\u2019ont examin\u00e9e. Par ailleurs, l\u2019instance a demand\u00e9 \u00e0 l\u2019UGTT d\u2019annoncer le nombre exact de syndicalistes qui sont d\u00e9tach\u00e9s \u00e0 plein temps de leurs [&hellip;]<\/p>\n","protected":false},"author":1789,"featured_media":68820,"comment_status":"closed","ping_status":"closed","sticky":false,"template":"","format":"standard","meta":{"fifu_image_url":"","fifu_image_alt":"","footnotes":""},"categories":[73,55],"tags":[],"class_list":["post-68819","post","type-post","status-publish","format-standard","has-post-thumbnail","hentry","category-actualite","category-tunisie"],"_links":{"self":[{"href":"https:\/\/linitiative.ca\/International\/wp-json\/wp\/v2\/posts\/68819","targetHints":{"allow":["GET"]}}],"collection":[{"href":"https:\/\/linitiative.ca\/International\/wp-json\/wp\/v2\/posts"}],"about":[{"href":"https:\/\/linitiative.ca\/International\/wp-json\/wp\/v2\/types\/post"}],"author":[{"embeddable":true,"href":"https:\/\/linitiative.ca\/International\/wp-json\/wp\/v2\/users\/1789"}],"replies":[{"embeddable":true,"href":"https:\/\/linitiative.ca\/International\/wp-json\/wp\/v2\/comments?post=68819"}],"version-history":[{"count":0,"href":"https:\/\/linitiative.ca\/International\/wp-json\/wp\/v2\/posts\/68819\/revisions"}],"wp:featuredmedia":[{"embeddable":true,"href":"https:\/\/linitiative.ca\/International\/wp-json\/"}],"wp:attachment":[{"href":"https:\/\/linitiative.ca\/International\/wp-json\/wp\/v2\/media?parent=68819"}],"wp:term":[{"taxonomy":"category","embeddable":true,"href":"https:\/\/linitiative.ca\/International\/wp-json\/wp\/v2\/categories?post=68819"},{"taxonomy":"post_tag","embeddable":true,"href":"https:\/\/linitiative.ca\/International\/wp-json\/wp\/v2\/tags?post=68819"}],"curies":[{"name":"wp","href":"https:\/\/api.w.org\/{rel}","templated":true}]}}