{"id":68821,"date":"2019-11-28T16:25:03","date_gmt":"2019-11-28T21:25:03","guid":{"rendered":"https:\/\/linitiative.ca\/International\/tunisie-zied-laadhari-claque-la-porte-dennahdha\/"},"modified":"2019-11-28T16:25:03","modified_gmt":"2019-11-28T21:25:03","slug":"tunisie-zied-laadhari-claque-la-porte-dennahdha","status":"publish","type":"post","link":"https:\/\/linitiative.ca\/International\/tunisie-zied-laadhari-claque-la-porte-dennahdha\/","title":{"rendered":"Tunisie \u2013 Zied La\u00e2dhari claque la porte d\u2019Ennahdha"},"content":{"rendered":"<div class=\"post-cont-in left relative\">\n<div class=\"swp_social_panel swp_horizontal_panel swp_flat_fresh swp_default_full_color swp_individual_full_color swp_other_full_color scale-100 scale-\" data-min-width=\"1100\" data-float-color=\"#ffffff\" data-float=\"none\" data-float-mobile=\"none\" data-transition=\"slide\">\n<div class=\"nc_tweetContainer swp_share_button total_shares total_sharesalt\"><span class=\"swp_count\">30 <span class=\"swp_label\">Partages<\/span><\/span><\/div>\n<\/div>\n<p>Le secr\u00e9taire g\u00e9n\u00e9ral, et ministre de la coop\u00e9ration internationale et du d\u00e9veloppement, Zied La\u00e2dhari, aurait pr\u00e9sent\u00e9 \u00e0 la pr\u00e9sidence du parti, depuis mardi dernier, sa d\u00e9mission de tous les postes de responsabilit\u00e9 du parti.<\/p>\n<div class=\"code-block code-block-1 c3\"><ins class=\"adsbygoogle c2\" data-ad-layout=\"in-article\" data-ad-format=\"fluid\" data-ad-client=\"ca-pub-2102118777505746\" data-ad-slot=\"7301775417\"\/> <\/div>\n<p>Zied La\u00e2dhari \u00e9tait en conflit avec la direction du parti, depuis la p\u00e9riode qui avait pr\u00e9c\u00e9d\u00e9 les \u00e9lections, notamment en ce qui concerne le choix des compositions des listes \u00e9lectorales, comme il a \u00e9mis son opposition \u00e0 la politique g\u00e9n\u00e9rale du parti, ainsi qu\u2019au choix de Habib Jemli pour former le prochain gouvernement, et la fa\u00e7on de ce dernier de s\u2019y prendre.<\/p>\n<div class=\"code-block code-block-2 c3\"><ins class=\"adsbygoogle c2\" data-ad-layout=\"in-article\" data-ad-format=\"fluid\" data-ad-client=\"ca-pub-2102118777505746\" data-ad-slot=\"7301775417\"\/> <\/div>\n<p><strong>Que se passe-t-il en Tunisie?<\/strong><br \/>Nous expliquons sur notre <a href=\"https:\/\/www.youtube.com\/channel\/UCRzypVq0B_yBad5eGrwBx0Q?sub_confirmation=1\" target=\"_blank\" rel=\"noopener noreferrer\">cha\u00eene YouTube<\/a> . <a href=\"https:\/\/www.youtube.com\/channel\/UCRzypVq0B_yBad5eGrwBx0Q?sub_confirmation=1\" target=\"_blank\" rel=\"noopener noreferrer\">Abonnez-vous!<\/a><\/p>\n<div class=\"mvp-org-wrap mvp-org-logo\" itemprop=\"publisher\" itemscope=\"\" itemtype=\"https:\/\/schema.org\/Organization\"><img decoding=\"async\" src=\"https:\/\/www.tunisienumerique.com\/wp-content\/uploads\/2017\/02\/logo_tunisie_numerique.png\"\/><\/div>\n<div class=\"post-tags\"><span class=\"post-tags-header\">Sujets Connexes:<\/span><\/div>\n<div class=\"swp_social_panel swp_horizontal_panel swp_flat_fresh swp_default_full_color swp_individual_full_color swp_other_full_color scale-100 scale-\" data-min-width=\"1100\" data-float-color=\"#ffffff\" data-float=\"none\" data-float-mobile=\"none\" data-transition=\"slide\">\n<div class=\"nc_tweetContainer swp_share_button total_shares total_sharesalt\"><span class=\"swp_count\">30 <span class=\"swp_label\">Partages<\/span><\/span><\/div>\n<\/div>\n<\/div>\n<p>Auteur: LM<br \/>\n<a href=\"https:\/\/www.tunisienumerique.com\/tunisie-zied-laadhari-claque-la-porte-dennahdha\/\">Cliquez ici pour lire l&rsquo;article depuis sa source.<\/a><\/p>\n","protected":false},"excerpt":{"rendered":"<p>30 Partages Le secr\u00e9taire g\u00e9n\u00e9ral, et ministre de la coop\u00e9ration internationale et du d\u00e9veloppement, Zied La\u00e2dhari, aurait pr\u00e9sent\u00e9 \u00e0 la pr\u00e9sidence du parti, depuis mardi dernier, sa d\u00e9mission de tous les postes de responsabilit\u00e9 du parti. Zied La\u00e2dhari \u00e9tait en conflit avec la direction du parti, depuis la p\u00e9riode qui avait pr\u00e9c\u00e9d\u00e9 les \u00e9lections, notamment [&hellip;]<\/p>\n","protected":false},"author":1789,"featured_media":68822,"comment_status":"closed","ping_status":"closed","sticky":false,"template":"","format":"standard","meta":{"fifu_image_url":"","fifu_image_alt":"","footnotes":""},"categories":[73,55],"tags":[],"class_list":["post-68821","post","type-post","status-publish","format-standard","has-post-thumbnail","hentry","category-actualite","category-tunisie"],"_links":{"self":[{"href":"https:\/\/linitiative.ca\/International\/wp-json\/wp\/v2\/posts\/68821","targetHints":{"allow":["GET"]}}],"collection":[{"href":"https:\/\/linitiative.ca\/International\/wp-json\/wp\/v2\/posts"}],"about":[{"href":"https:\/\/linitiative.ca\/International\/wp-json\/wp\/v2\/types\/post"}],"author":[{"embeddable":true,"href":"https:\/\/linitiative.ca\/International\/wp-json\/wp\/v2\/users\/1789"}],"replies":[{"embeddable":true,"href":"https:\/\/linitiative.ca\/International\/wp-json\/wp\/v2\/comments?post=68821"}],"version-history":[{"count":0,"href":"https:\/\/linitiative.ca\/International\/wp-json\/wp\/v2\/posts\/68821\/revisions"}],"wp:featuredmedia":[{"embeddable":true,"href":"https:\/\/linitiative.ca\/International\/wp-json\/"}],"wp:attachment":[{"href":"https:\/\/linitiative.ca\/International\/wp-json\/wp\/v2\/media?parent=68821"}],"wp:term":[{"taxonomy":"category","embeddable":true,"href":"https:\/\/linitiative.ca\/International\/wp-json\/wp\/v2\/categories?post=68821"},{"taxonomy":"post_tag","embeddable":true,"href":"https:\/\/linitiative.ca\/International\/wp-json\/wp\/v2\/tags?post=68821"}],"curies":[{"name":"wp","href":"https:\/\/api.w.org\/{rel}","templated":true}]}}