{"id":68824,"date":"2019-11-28T14:50:02","date_gmt":"2019-11-28T19:50:02","guid":{"rendered":"https:\/\/linitiative.ca\/International\/sahel-macron-veut-repenser-barkhane-avec-plus-deuropeens-a-ses-cotes\/"},"modified":"2019-11-28T14:50:02","modified_gmt":"2019-11-28T19:50:02","slug":"sahel-macron-veut-repenser-barkhane-avec-plus-deuropeens-a-ses-cotes","status":"publish","type":"post","link":"https:\/\/linitiative.ca\/International\/sahel-macron-veut-repenser-barkhane-avec-plus-deuropeens-a-ses-cotes\/","title":{"rendered":"Sahel : Macron veut repenser Barkhane, avec plus d\u2019Europ\u00e9ens \u00e0 ses c\u00f4t\u00e9s"},"content":{"rendered":"<div readability=\"32\">\n<p>Publi\u00e9 le 28.11.2019 \u00e0 20h50 par AFP<\/p>\n<\/div>\n<div readability=\"155\">\n<p>Le pr\u00e9sident Emmanuel Macron a annonc\u00e9 jeudi vouloir r\u00e9examiner la strat\u00e9gie des forces antijihadistes fran\u00e7aises au Sahel, dans un contexte s\u00e9curitaire explosif, et appel\u00e9 les Europ\u00e9ens \u00e0 s\u2019engager plus \u00e0 leur c\u00f4t\u00e9.<\/p>\n<p>\u00ab\u00a0Le contexte que nous sommes en train de vivre au Sahel nous conduit aujourd\u2019hui \u00e0 regarder toutes les options strat\u00e9giques\u00a0\u00bb, a lanc\u00e9 le chef de l\u2019\u00c9tat \u00e0 l\u2019issue d\u2019un entretien avec le secr\u00e9taire g\u00e9n\u00e9ral de l\u2019Otan, Jens Stoltenberg.<\/p>\n<p>Emmanuel Macron avait d\u00e9j\u00e0 annonc\u00e9 le 12 novembre que des d\u00e9cisions seraient prises \u00ab\u00a0dans les prochaines semaines\u00a0\u00bb pour am\u00e9liorer la lutte antijihadiste dans cette r\u00e9gion en proie \u00e0 une spirale de violences jihadistes et intercommunautaires.<\/p>\n<p>Mais la mort de 13 militaires fran\u00e7ais lundi lors d\u2019un accident dans une op\u00e9ration au Mali jette une ombre crue sur leur mission, m\u00eame s\u2019ils ont perdu la vie dans la collision accidentelle de leurs h\u00e9licopt\u00e8res.<\/p>\n<p>\u00ab\u00a0Dans les prochaines semaines, un travail en profondeur sera demand\u00e9 au gouvernement et \u00e0 nos arm\u00e9es pour regarder les modalit\u00e9s de nos interventions\u00a0\u00bb, a d\u00e9clar\u00e9 le chef de l\u2019\u00c9tat. \u00ab\u00a0Toutes les options sont ouvertes\u00a0\u00bb, a-t-il martel\u00e9 sans plus de pr\u00e9cisions.<\/p>\n<p>La marge de man\u0153uvre des arm\u00e9es fran\u00e7aises, d\u00e9j\u00e0 fortement impliqu\u00e9es au Sahel avec 4.500 hommes dans cinq pays (Mali, Tchad, Niger, Burkina Faso, Mauritanie) et sur un espace grand comme l\u2019Europe, para\u00eet toutefois assez limit\u00e9e.<\/p>\n<p>\u00ab\u00a0Les options concr\u00e8tement, c\u2019est quoi ? On ne change rien, on se replie, on se red\u00e9ploie ou on se renforce !\u00a0\u00bb, r\u00e9sume le colonel Michel Goya, historien militaire.<\/p>\n<p>Le pr\u00e9sident et le gouvernement ont toujours exclu tout retrait pr\u00e9matur\u00e9 de la r\u00e9gion m\u00eame si la victoire sur les groupes jihadistes affili\u00e9s aux groupes \u00c9tat islamique (EI) ou Al-Qa\u00efda para\u00eet chaque jour plus \u00e9loign\u00e9e.<\/p>\n<p>\u00ab\u00a0Les volont\u00e9s de destruction de l\u2019\u00c9tat et de prise en otage des populations pr\u00e9sentent des risques majeurs, donc nous devons poursuivre\u00a0\u00bb, a r\u00e9p\u00e9t\u00e9 mercredi le chef de la diplomatie et ancien ministre de la D\u00e9fense Jean-Yves Le Drian.<\/p>\n<p>Pour Christian Bouquet, chercheur au Laboratoire Les Afriques dans le monde (LAM) \u00e0 Sciences-Po Bordeaux, \u00ab\u00a0il est clair que si aujourd\u2019hui Barkhane se retirait, les trois pays les plus concern\u00e9s, Mali, Burkina, Niger, sombreraient dans le chaos\u00a0\u00bb.<\/p>\n<p>\u2013 Dramatiser pour mobiliser ? \u2013<\/p>\n<p>Barkhane est la \u00ab\u00a0seule force aguerrie pour r\u00e9sister\u00a0\u00bb et pourtant \u00ab\u00a0ils ne font que placer des rustines sur un chambre \u00e0 air\u00a0\u00bb, dit-il, estimant \u00e0 au moins 30 ans la dur\u00e9e n\u00e9cessaire pour stabiliser la r\u00e9gion.<\/p>\n<p>Les moyens budg\u00e9taires contraints de la France et de ses arm\u00e9es compliquent aussi tout sc\u00e9nario de renforcement potentiel de Barkhane.<\/p>\n<p>Paris entend ajouter \u00e0 son action militaire une dimension politique, en exhortant les autorit\u00e9s locales \u00e0 faire plus pour ramener la paix dans leur pays, ainsi qu\u2019un volet de d\u00e9veloppement.<\/p>\n<p>En \u00ab\u00a0dramatisant\u00a0\u00bb la situation, Emmanuel Macron essaie \u00ab\u00a0peut-\u00eatre de mobiliser un certain nombre d\u2019acteurs (\u2026) localement, l\u2019\u00c9tat malien en particulier, de fa\u00e7on \u00e0 ce qu\u2019ils prennent leurs responsabilit\u00e9s (..) les Europ\u00e9ens \u00e9galement\u00a0\u00bb, estime Michel Goya.<\/p>\n<p>Le chef de l\u2019\u00c9tat a d\u2019ailleurs r\u00e9clam\u00e9 une \u00ab\u00a0plus grande implication\u00a0\u00bb de ses alli\u00e9s de l\u2019Otan contre \u00ab\u00a0le terrorisme\u00a0\u00bb dans la r\u00e9gion. \u00ab\u00a0Une v\u00e9ritable alliance, ce sont des actes, pas des mots\u00a0\u00bb, a-t-il dit.<\/p>\n<p>La France esp\u00e8re entra\u00eener un plus grand nombre de pays europ\u00e9ens dans sa roue au Sahel, pas seulement pour un appui logistique (h\u00e9licopt\u00e8res, avions de transport..) mais aussi avec l\u2019envoi de forces sp\u00e9ciales.<\/p>\n<p>Pour l\u2019heure, l\u2019Allemagne est pr\u00e9sente avec quelques centaines d\u2019hommes au Mali, mais pas sur des missions de combat, le Royaume-uni avec trois h\u00e9licopt\u00e8res Chinook et l\u2019Estonie \u00e0 hauteur de 50 hommes.<\/p>\n<p>Mais cette mobilisation s\u2019annonce compliqu\u00e9e, au-del\u00e0 des messages de solidarit\u00e9 \u00e0 la France et des appels \u00e0 renforcer une lutte qualifi\u00e9e de \u00ab\u00a0cruciale\u00a0\u00bb pour la s\u00e9curit\u00e9 de l\u2019Europe.<\/p>\n<p>\u00ab\u00a0Il y a ceux que le Sahel n\u2019int\u00e9resse pas, ceux qui ont d\u00e9j\u00e0 particip\u00e9 (\u2026) Le probl\u00e8me majeur des Europ\u00e9ens, c\u2019est que leurs arm\u00e9es sont non +pratiquantes+ (non rompues au combat, ndlr), \u00e0 part les Fran\u00e7ais et les Britanniques\u00a0\u00bb, anticipe Michel Goya.<\/p>\n<\/div>\n<p>Auteur: AFP<br \/>\n<a href=\"https:\/\/www.journalducameroun.com\/sahel-macron-veut-repenser-barkhane-avec-plus-deuropeens-a-ses-cotes\/\">Cliquez ici pour lire l&rsquo;article depuis sa source.<\/a><\/p>\n","protected":false},"excerpt":{"rendered":"<p>Publi\u00e9 le 28.11.2019 \u00e0 20h50 par AFP Le pr\u00e9sident Emmanuel Macron a annonc\u00e9 jeudi vouloir r\u00e9examiner la strat\u00e9gie des forces antijihadistes fran\u00e7aises au Sahel, dans un contexte s\u00e9curitaire explosif, et appel\u00e9 les Europ\u00e9ens \u00e0 s\u2019engager plus \u00e0 leur c\u00f4t\u00e9. \u00ab\u00a0Le contexte que nous sommes en train de vivre au Sahel nous conduit aujourd\u2019hui \u00e0 regarder [&hellip;]<\/p>\n","protected":false},"author":1965,"featured_media":0,"comment_status":"closed","ping_status":"closed","sticky":false,"template":"","format":"standard","meta":{"fifu_image_url":"","fifu_image_alt":"","footnotes":""},"categories":[73,82],"tags":[],"class_list":["post-68824","post","type-post","status-publish","format-standard","hentry","category-actualite","category-cameroun"],"_links":{"self":[{"href":"https:\/\/linitiative.ca\/International\/wp-json\/wp\/v2\/posts\/68824","targetHints":{"allow":["GET"]}}],"collection":[{"href":"https:\/\/linitiative.ca\/International\/wp-json\/wp\/v2\/posts"}],"about":[{"href":"https:\/\/linitiative.ca\/International\/wp-json\/wp\/v2\/types\/post"}],"author":[{"embeddable":true,"href":"https:\/\/linitiative.ca\/International\/wp-json\/wp\/v2\/users\/1965"}],"replies":[{"embeddable":true,"href":"https:\/\/linitiative.ca\/International\/wp-json\/wp\/v2\/comments?post=68824"}],"version-history":[{"count":0,"href":"https:\/\/linitiative.ca\/International\/wp-json\/wp\/v2\/posts\/68824\/revisions"}],"wp:attachment":[{"href":"https:\/\/linitiative.ca\/International\/wp-json\/wp\/v2\/media?parent=68824"}],"wp:term":[{"taxonomy":"category","embeddable":true,"href":"https:\/\/linitiative.ca\/International\/wp-json\/wp\/v2\/categories?post=68824"},{"taxonomy":"post_tag","embeddable":true,"href":"https:\/\/linitiative.ca\/International\/wp-json\/wp\/v2\/tags?post=68824"}],"curies":[{"name":"wp","href":"https:\/\/api.w.org\/{rel}","templated":true}]}}