{"id":68825,"date":"2019-11-28T15:18:03","date_gmt":"2019-11-28T20:18:03","guid":{"rendered":"https:\/\/linitiative.ca\/International\/les-congolais-exhortes-a-faire-de-la-paix-un-facteur-de-developpement\/"},"modified":"2019-11-28T15:18:03","modified_gmt":"2019-11-28T20:18:03","slug":"les-congolais-exhortes-a-faire-de-la-paix-un-facteur-de-developpement","status":"publish","type":"post","link":"https:\/\/linitiative.ca\/International\/les-congolais-exhortes-a-faire-de-la-paix-un-facteur-de-developpement\/","title":{"rendered":"Les Congolais exhort\u00e9s \u00e0 faire de la paix un facteur de d\u00e9veloppement"},"content":{"rendered":"<div readability=\"32\">\n<p>Publi\u00e9 le 28.11.2019 \u00e0 21h18 par APA News<\/p>\n<\/div>\n<div readability=\"64\">\n<p>Le ministre de la Communication et des M\u00e9dias, Thierry L\u00e9zin Moungalla a exhort\u00e9, jeudi \u00e0 Brazzaville, les Congolais \u00e0 faire de la paix un facteur de d\u00e9veloppement.\u00ab La paix est une des conditions du d\u00e9veloppement \u00e9conomique. Elle est le c\u0153ur de l\u2019\u00e9conomie. Sans paix, il ne peut exister une \u00e9conomie prosp\u00e8re. La paix est l\u2019\u00e9conomie, et l\u2019\u00e9conomie est la paix. Les guerres sont le dysfonctionnement le plus grave que peut subir l\u2019\u00e9conomie. Elles sont le principal obstacle \u00e0 l\u2019existence de l\u2019\u00e9conomie \u00bb, a dit le ministre Moungalla.<\/p>\n<p>Il faisait l\u2019\u00e9loge de la R\u00e9publique du Congo qui c\u00e9l\u00e8bre ce 28 novembre 2019 le 61\u00e8me anniversaire de son accession \u00e0 l\u2019ind\u00e9pendance. Cette ann\u00e9e, le th\u00e8me des festivit\u00e9s porte sur : \u00ab La paix \u00bb.<\/p>\n<p>Pour le ministre de la Communication et des M\u00e9dias, Thierry L\u00e9zin Moungalla, \u00abla paix est une fleur d\u00e9licate \u00bb, elle est \u00ab comme la rose de la fable, elle doit \u00eatre sem\u00e9e et r\u00e9guli\u00e8rement entretenue \u00bb. \u00ab La paix, dira-t-il, doit \u00e9galement \u00eatre cultiv\u00e9e gr\u00e2ce aux tr\u00e9sors de l\u2019instruction civique afin d\u2019\u00e9clore dans les meilleures conditions. C\u2019est seulement ainsi qu\u2019elle permettra \u00e0 l\u2019ensemble des citoyens de vivre et de s\u2019\u00e9panouir dans une R\u00e9publique fraternelle, solidaire et apais\u00e9e \u00bb.<\/p>\n<p>D\u00e9plorant les difficult\u00e9s \u00e9conomiques momentan\u00e9es que connait le pr\u00e9sentement le Congo en incriminant la volatilit\u00e9 des prix des mati\u00e8res premi\u00e8res dont d\u00e9pend l\u2019essentiel les finances du pays. Toutefois, il a rassur\u00e9 que le gouvernement est \u00e0 pied d\u2019\u0153uvre afin d\u2019assurer le retour de la croissance.<\/p>\n<\/div>\n<p>Auteur: APA News<br \/>\n<a href=\"https:\/\/www.journalducameroun.com\/les-congolais-exhortes-a-faire-de-la-paix-un-facteur-de-developpement\/\">Cliquez ici pour lire l&rsquo;article depuis sa source.<\/a><\/p>\n","protected":false},"excerpt":{"rendered":"<p>Publi\u00e9 le 28.11.2019 \u00e0 21h18 par APA News Le ministre de la Communication et des M\u00e9dias, Thierry L\u00e9zin Moungalla a exhort\u00e9, jeudi \u00e0 Brazzaville, les Congolais \u00e0 faire de la paix un facteur de d\u00e9veloppement.\u00ab La paix est une des conditions du d\u00e9veloppement \u00e9conomique. Elle est le c\u0153ur de l\u2019\u00e9conomie. Sans paix, il ne peut [&hellip;]<\/p>\n","protected":false},"author":1965,"featured_media":0,"comment_status":"closed","ping_status":"closed","sticky":false,"template":"","format":"standard","meta":{"fifu_image_url":"","fifu_image_alt":"","footnotes":""},"categories":[73,82],"tags":[],"class_list":["post-68825","post","type-post","status-publish","format-standard","hentry","category-actualite","category-cameroun"],"_links":{"self":[{"href":"https:\/\/linitiative.ca\/International\/wp-json\/wp\/v2\/posts\/68825","targetHints":{"allow":["GET"]}}],"collection":[{"href":"https:\/\/linitiative.ca\/International\/wp-json\/wp\/v2\/posts"}],"about":[{"href":"https:\/\/linitiative.ca\/International\/wp-json\/wp\/v2\/types\/post"}],"author":[{"embeddable":true,"href":"https:\/\/linitiative.ca\/International\/wp-json\/wp\/v2\/users\/1965"}],"replies":[{"embeddable":true,"href":"https:\/\/linitiative.ca\/International\/wp-json\/wp\/v2\/comments?post=68825"}],"version-history":[{"count":0,"href":"https:\/\/linitiative.ca\/International\/wp-json\/wp\/v2\/posts\/68825\/revisions"}],"wp:attachment":[{"href":"https:\/\/linitiative.ca\/International\/wp-json\/wp\/v2\/media?parent=68825"}],"wp:term":[{"taxonomy":"category","embeddable":true,"href":"https:\/\/linitiative.ca\/International\/wp-json\/wp\/v2\/categories?post=68825"},{"taxonomy":"post_tag","embeddable":true,"href":"https:\/\/linitiative.ca\/International\/wp-json\/wp\/v2\/tags?post=68825"}],"curies":[{"name":"wp","href":"https:\/\/api.w.org\/{rel}","templated":true}]}}