{"id":68826,"date":"2019-11-28T16:50:02","date_gmt":"2019-11-28T21:50:02","guid":{"rendered":"https:\/\/linitiative.ca\/International\/martine-aubry-cette-figure-socialiste-qui-veut-rester-maire-de-lille\/"},"modified":"2019-11-28T16:50:02","modified_gmt":"2019-11-28T21:50:02","slug":"martine-aubry-cette-figure-socialiste-qui-veut-rester-maire-de-lille","status":"publish","type":"post","link":"https:\/\/linitiative.ca\/International\/martine-aubry-cette-figure-socialiste-qui-veut-rester-maire-de-lille\/","title":{"rendered":"Martine Aubry, cette figure socialiste qui veut rester maire de Lille"},"content":{"rendered":"<div readability=\"32\">\n<p>Publi\u00e9 le 28.11.2019 \u00e0 22h50 par AFP<\/p>\n<\/div>\n<div readability=\"158\">\n<p>Autoritaire et cassante pour les uns, courageuse et femme d\u2019\u00c9tat pour les autres\u2026 Martine Aubry, candidate \u00e0 un quatri\u00e8me mandat \u00e0 Lille, est une figure de la gauche dont le nom reste attach\u00e9 \u00e0 la r\u00e9forme des 35 heures.<\/p>\n<p>Aujourd\u2019hui \u00e2g\u00e9e de 69 ans, celle qui a repris le flambeau de Pierre Mauroy en 2001 avait pourtant dit qu\u2019elle ne se repr\u00e9senterait plus.<\/p>\n<p>C\u2019\u00e9tait avant l\u2019\u00e9mergence d\u2019Emmanuel Macron. L\u2019homme, son \u00ab\u00a0lib\u00e9ralisme\u00a0\u00bb, la h\u00e9rissaient d\u00e9j\u00e0 \u00e0 Bercy: \u00ab\u00a0Macron, comment vous dire? Ras-le-bol!\u00a0\u00bb l\u00e2che-t-elle en 2015. Aujourd\u2019hui, l\u2019ex-patronne du PS justifie son ultime combat politique par la n\u00e9cessit\u00e9 d&rsquo;\u00a0\u00bbaider la gauche\u00a0\u00bb et de faire \u00ab\u00a0rempart\u00a0\u00bb au chef de l\u2019Etat.<\/p>\n<p>Une fa\u00e7on habile d\u2019occulter qu\u2019apr\u00e8s 18 ans \u00e0 la t\u00eate de la capitale des Flandres, Martine Aubry n\u2019a pas su -ni voulu?- faire \u00e9merger de dauphin. \u00ab\u00a0Si elle est candidate, c\u2019est par devoir\u00a0\u00bb, d\u00e9crypte un maire de la m\u00e9tropole. \u00ab\u00a0C\u2019est la seule qui peut sauver les meubles \u00e0 Lille\u00a0\u00bb, bastion socialiste depuis un si\u00e8cle.<\/p>\n<p>Ses adversaires ne sont pas tendres: ils la disent \u00ab\u00a0autoritaire\u00a0\u00bb, \u00ab\u00a0cassante\u00a0\u00bb, \u00ab\u00a0sectaire\u00a0\u00bb, ne sachant \u00ab\u00a0pas d\u00e9l\u00e9guer\u00a0\u00bb\u2026 Son amie la communiste Michelle Demessine reconna\u00eet que \u00ab\u00a0le consensus n\u2019est pas un mot qui va avec Martine Aubry\u00a0\u00bb.<\/p>\n<p>\u00ab\u00a0Je dis les choses directement\u00a0\u00bb, \u00e9vacue l\u2019int\u00e9ress\u00e9e en conc\u00e9dant: \u00ab\u00a0il faut savoir trancher\u00a0\u00bb. Elle se voit plut\u00f4t \u00ab\u00a0dure avec les puissants et douce avec les faibles\u00a0\u00bb, trait h\u00e9rit\u00e9, dit-elle, de sa m\u00e8re basque.<\/p>\n<p>A gauche aussi, elle s\u2019est fait de solides inimiti\u00e9s. Parachut\u00e9e \u00e0 Lille en 1995, impos\u00e9e par Mauroy aux barons socialistes, elle n\u2019a pas su tisser un r\u00e9seau d\u2019\u00e9lus. Quand elle s\u2019empare du PS en 2008 apr\u00e8s un duel au couteau avec S\u00e9gol\u00e8ne Royal, elle ne parvient pas \u00e0 cr\u00e9er de courant durable.<\/p>\n<p>Ce qui ne l\u2019emp\u00eache pas de conclure des pactes avec ses ennemis d\u2019hier, comme r\u00e9cemment avec Patrick Kanner. Un rabibochage interne au PS indispensable pour esp\u00e9rer la victoire.<\/p>\n<p>\u2013 \u00ab\u00a0A la sulfateuse\u00a0\u00bb \u2013<\/p>\n<p>Malgr\u00e9 les critiques sur sa gouvernance, beaucoup lui reconnaissent du \u00ab\u00a0courage\u00a0\u00bb, voient en elle une \u00ab\u00a0bonne vivante\u00a0\u00bb, \u00ab\u00a0capable de vraies attentions\u00a0\u00bb et louent ses qualit\u00e9s de \u00ab\u00a0femme d\u2019Etat\u00a0\u00bb, qui a \u00ab\u00a0transform\u00e9 profond\u00e9ment Lille\u00a0\u00bb, en mati\u00e8re d\u2019urbanisme et de culture.<\/p>\n<p>\u00ab\u00a0Et jamais on ne pourra prendre Martine Aubry en d\u00e9faut d\u2019int\u00e9grit\u00e9\u00a0\u00bb, salue Christian Decocq, chef de l\u2019opposition de droite de 2001 \u00e0 2008.<\/p>\n<p>N\u00e9e le 8 ao\u00fbt 1950 \u00e0 Paris, la fille de Jacques Delors est remari\u00e9e avec l\u2019ex-b\u00e2tonnier Jean-Louis Brochen. Une premi\u00e8re fois ministre (1991-1993), elle devient l\u2019embl\u00e9matique num\u00e9ro deux (1997-2000) du gouvernement de gauche plurielle dirig\u00e9 par Lionel Jospin.<\/p>\n<p>Les 35 heures, qu\u2019elle porte de bout en bout malgr\u00e9 ses r\u00e9ticences initiales, et la cr\u00e9ation de la CMU et des emplois-jeunes lui conf\u00e8rent une aura au sein de toute la gauche. Elle s\u2019inscrit pourtant pleinement dans la social-d\u00e9mocratie, sans vraie divergence id\u00e9ologique avec Fran\u00e7ois Hollande ou Dominique Strauss-Kahn.<\/p>\n<p>L\u2019\u00e9narque conna\u00eet bien le monde de l\u2019entreprise -elle a fait un passage chez P\u00e9chiney- et les grands patrons. Pragmatique, elle b\u00e2tit d\u00e8s 2008 une majorit\u00e9 municipale large, jusqu\u2019aux centristes, loin de l\u2019orthodoxie socialiste dont elle aime se faire la gardienne.<\/p>\n<p>En 2011, le forfait de DSK lui entrouvre les portes de l\u2019Elys\u00e9e. Elle se lance dans la bataille pr\u00e9sidentielle, contrairement \u00e0 son p\u00e8re qui avait renonc\u00e9, mais perd la primaire face \u00e0 Fran\u00e7ois Hollande.<\/p>\n<p>A l\u2019aube de sa derni\u00e8re campagne, elle appara\u00eet isol\u00e9e dans son beffroi. Elle a perdu son fid\u00e8le bras droit Pierre de Saintignon, emport\u00e9 en mars par la maladie. Elle doit faire face \u00e0 l\u2019app\u00e9tit grandissant des Verts, qui lui reprochent d\u2019avoir rat\u00e9 le virage de la transition \u00e9cologique m\u00eame si, dans la majorit\u00e9 depuis 2001, ils sont comptables du bilan.<\/p>\n<p>\u00ab\u00a0Le bateau est en train de s\u2019\u00e9chouer\u00a0\u00bb, pr\u00e9dit Christophe Itier, ex-PS devenu Marcheur. \u00ab\u00a0Il y a toujours le risque du combat de trop mais elle a de la ressource\u00a0\u00bb, nuance Thierry Pauchet, candidat divers droite: \u00ab\u00a0Martine n\u2019est jamais meilleure que dans l\u2019adversit\u00e9. Et que Violette Spillebout ose la d\u00e9fier lui a redonn\u00e9 la gnaque\u00a0\u00bb.<\/p>\n<p>En priv\u00e9, la maire de Lille, connue pour son franc-parler, n\u2019a-t-elle pas l\u00e2ch\u00e9 lors de l\u2019investiture LREM de son ex-directrice de cabinet: \u00ab\u00a0cette campagne, ce sera \u00e0 la sulfateuse\u00a0\u00bb?<\/p>\n<\/div>\n<p>Auteur: AFP<br \/>\n<a href=\"https:\/\/www.journalducameroun.com\/martine-aubry-cette-figure-socialiste-qui-veut-rester-maire-de-lille\/\">Cliquez ici pour lire l&rsquo;article depuis sa source.<\/a><\/p>\n","protected":false},"excerpt":{"rendered":"<p>Publi\u00e9 le 28.11.2019 \u00e0 22h50 par AFP Autoritaire et cassante pour les uns, courageuse et femme d\u2019\u00c9tat pour les autres\u2026 Martine Aubry, candidate \u00e0 un quatri\u00e8me mandat \u00e0 Lille, est une figure de la gauche dont le nom reste attach\u00e9 \u00e0 la r\u00e9forme des 35 heures. Aujourd\u2019hui \u00e2g\u00e9e de 69 ans, celle qui a repris [&hellip;]<\/p>\n","protected":false},"author":1965,"featured_media":0,"comment_status":"closed","ping_status":"closed","sticky":false,"template":"","format":"standard","meta":{"fifu_image_url":"","fifu_image_alt":"","footnotes":""},"categories":[73,82],"tags":[],"class_list":["post-68826","post","type-post","status-publish","format-standard","hentry","category-actualite","category-cameroun"],"_links":{"self":[{"href":"https:\/\/linitiative.ca\/International\/wp-json\/wp\/v2\/posts\/68826","targetHints":{"allow":["GET"]}}],"collection":[{"href":"https:\/\/linitiative.ca\/International\/wp-json\/wp\/v2\/posts"}],"about":[{"href":"https:\/\/linitiative.ca\/International\/wp-json\/wp\/v2\/types\/post"}],"author":[{"embeddable":true,"href":"https:\/\/linitiative.ca\/International\/wp-json\/wp\/v2\/users\/1965"}],"replies":[{"embeddable":true,"href":"https:\/\/linitiative.ca\/International\/wp-json\/wp\/v2\/comments?post=68826"}],"version-history":[{"count":0,"href":"https:\/\/linitiative.ca\/International\/wp-json\/wp\/v2\/posts\/68826\/revisions"}],"wp:attachment":[{"href":"https:\/\/linitiative.ca\/International\/wp-json\/wp\/v2\/media?parent=68826"}],"wp:term":[{"taxonomy":"category","embeddable":true,"href":"https:\/\/linitiative.ca\/International\/wp-json\/wp\/v2\/categories?post=68826"},{"taxonomy":"post_tag","embeddable":true,"href":"https:\/\/linitiative.ca\/International\/wp-json\/wp\/v2\/tags?post=68826"}],"curies":[{"name":"wp","href":"https:\/\/api.w.org\/{rel}","templated":true}]}}