{"id":68827,"date":"2019-11-28T16:50:05","date_gmt":"2019-11-28T21:50:05","guid":{"rendered":"https:\/\/linitiative.ca\/International\/en-afghanistan-trump-annonce-la-reprise-des-negociations-avec-les-talibans\/"},"modified":"2019-11-28T16:50:05","modified_gmt":"2019-11-28T21:50:05","slug":"en-afghanistan-trump-annonce-la-reprise-des-negociations-avec-les-talibans","status":"publish","type":"post","link":"https:\/\/linitiative.ca\/International\/en-afghanistan-trump-annonce-la-reprise-des-negociations-avec-les-talibans\/","title":{"rendered":"En Afghanistan, Trump annonce la reprise des n\u00e9gociations avec les talibans"},"content":{"rendered":"<div readability=\"32\">\n<p>Publi\u00e9 le 28.11.2019 \u00e0 22h50 par AFP<\/p>\n<\/div>\n<div readability=\"152\">\n<p>Le pr\u00e9sident des \u00c9tats-Unis Donald Trump a annonc\u00e9 jeudi lors d\u2019une br\u00e8ve visite nocturne surprise sur une base am\u00e9ricaine en Afghanistan que les n\u00e9gociations avec les talibans, interrompues en septembre, avaient repris.<\/p>\n<p>Le voyage de M. Trump, son premier dans le pays, avait \u00e9t\u00e9 gard\u00e9 secret pour des raisons de s\u00e9curit\u00e9. Il a eu lieu \u00e0 l\u2019occasion de la f\u00eate de Thanksgiving.<\/p>\n<p>\u00ab\u00a0Les talibans veulent un accord, et nous les rencontrons. Nous leur disons qu\u2019il faut un cessez-le-feu, ils ne voulaient pas de cessez-le-feu, et maintenant ils veulent un cessez-le-feu\u00a0\u00bb, a-t-il d\u00e9clar\u00e9 apr\u00e8s une rencontre avec son homologue, le pr\u00e9sident Ashraf Ghani, sur la base a\u00e9rienne de Bagram, \u00e0 80 km au nord de Kaboul.<\/p>\n<p>\u00ab\u00a0Je pense que \u00e7a va s\u00fbrement marcher comme \u00e7a\u00a0\u00bb, a-t-il dit.<\/p>\n<p>\u00ab\u00a0Nous resterons tant que nous n\u2019aurons pas d\u2019accord ou jusqu\u2019\u00e0 ce qu\u2019on ait une victoire totale, et ils veulent vraiment trouver un accord\u00a0\u00bb, a ajout\u00e9 Donald Trump.<\/p>\n<p>Il a confirm\u00e9 vouloir r\u00e9duire le nombre de soldats am\u00e9ricains sur place \u00e0 8.600, contre entre 13.000 et 14.000 aujourd\u2019hui.<\/p>\n<p>\u00ab\u00a0Les deux c\u00f4t\u00e9s ont soulign\u00e9 que si les talibans \u00e9taient sinc\u00e8res dans leur volont\u00e9 d\u2019obtenir un accord de paix, ils devaient accepter un cessez-le-feu\u00a0\u00bb, a tweet\u00e9 Ashraf Ghani apr\u00e8s le d\u00e9part de son homologue. \u00ab\u00a0Nous avons aussi insist\u00e9 que pour que la paix soit durable, les refuges terroristes hors d\u2019Afghanisation devaient \u00eatre d\u00e9mantel\u00e9s\u00a0\u00bb.<\/p>\n<p>Le pr\u00e9sident Ghani n\u2019avait \u00e9t\u00e9 pr\u00e9venu que quelques heures avant l\u2019atterrissage de M. Trump, selon la Maison Blanche.<\/p>\n<p>\u2013 Voyage secret \u2013<\/p>\n<p>Le pr\u00e9sident \u00e9tait parti mercredi soir dans le plus grand secret de son club de Mar-a-Lago en Floride, via la base d\u2019Andrews pr\u00e8s de Washington. Il est arriv\u00e9 \u00e0 Bagram jeudi vers 20H30 heure locale, et la nouvelle du voyage n\u2019a \u00e9t\u00e9 rendue publique que juste avant qu\u2019il ne red\u00e9colle, peu apr\u00e8s minuit.<\/p>\n<p>Un photographe de l\u2019AFP a voyag\u00e9 avec lui mais n\u2019a pas eu le droit de communiquer avant l\u2019arriv\u00e9e, comme les 12 autres journalistes participant au voyage, dont les appareils de communication avaient \u00e9t\u00e9 confisqu\u00e9s. Ils n\u2019ont appris leur destination que deux heures avant l\u2019atterrissage de l\u2019avion pr\u00e9sidentiel, toutes lumi\u00e8res \u00e9teintes.<\/p>\n<p>Dans ses d\u00e9placements sur la base, le dirigeant \u00e9tait prot\u00e9g\u00e9 de pr\u00e8s par des soldats lourdement arm\u00e9s, casqu\u00e9s et \u00e9quip\u00e9s de jumelles de vision nocturne.<\/p>\n<p>Le 7 septembre, Donald Trump avait, \u00e0 la surprise g\u00e9n\u00e9rale, mis fin aux discussions engag\u00e9es depuis un an avec les talibans, qui semblaient pourtant sur le point d\u2019aboutir \u00e0 un accord historique apr\u00e8s dix-huit ans de conflit en Afghanistan.<\/p>\n<p>Il avait justifi\u00e9 ce volte-face spectaculaire par la mort d\u2019un soldat am\u00e9ricain et de onze autres personnes dans un attentat taliban deux jours avant \u00e0 Kaboul.<\/p>\n<p>Le n\u00e9gociateur am\u00e9ricain, Zalmay Khalilzad, n\u2019avait d\u00e9voil\u00e9 que peu de d\u00e9tails sur \u00ab\u00a0l\u2019accord de principe\u00a0\u00bb qu\u2019il affirmait avoir conclu avec les talibans.<\/p>\n<p>Il devait permettre un retrait progressif des soldats am\u00e9ricains en Afghanistan, en \u00e9change de garanties de s\u00e9curit\u00e9, d\u2019une \u00ab\u00a0r\u00e9duction de la violence\u00a0\u00bb et de l\u2019ouverture de n\u00e9gociations directes entre les talibans et le gouvernement de Kaboul.<\/p>\n<p>Depuis, la semaine derni\u00e8re, les talibans ont lib\u00e9r\u00e9 deux otages am\u00e9ricain et australien, professeurs \u00e0 l\u2019universit\u00e9 am\u00e9ricaine de Kaboul, en \u00e9change de la lib\u00e9ration par les Afghans de trois prisonniers talibans de haut rang.<\/p>\n<p>Avec ses soldats pour ce qui est la plus grande f\u00eate traditionnelle aux Etats-Unis, le commandant en chef a pos\u00e9 pour des photos et servi de la dinde, avant de s\u2019adresser \u00e0 environ 1.500 d\u2019entre eux dans un grand hangar.<\/p>\n<p>\u00ab\u00a0Nous avons voyag\u00e9 8.331 miles (13.407 km) pour \u00eatre l\u00e0 ce soir pour une seule raison: vous dire en personne que ce Thanksgiving est un Thanksgiving sp\u00e9cial, tout va tr\u00e8s bien, notre pays est plus fort \u00e9conomiquement qu\u2019il ne l\u2019a jamais \u00e9t\u00e9\u00a0\u00bb, a d\u00e9clar\u00e9 Donald Trump, ovationn\u00e9 par les militaires.<\/p>\n<p>Dans ce discours aux soldats, il a \u00e9galement dit que la guerre d\u2019Afghanistan ne se \u00ab\u00a0d\u00e9cider(ait) pas sur le champ de bataille\u00a0\u00bb.<\/p>\n<p>\u00ab\u00a0A la fin il faudra une solution politique\u00a0\u00bb, a-t-il dit, \u00ab\u00a0qui sera d\u00e9cid\u00e9e par les habitants de la r\u00e9gion\u00a0\u00bb.<\/p>\n<\/div>\n<p>Auteur: AFP<br \/>\n<a href=\"https:\/\/www.journalducameroun.com\/en-afghanistan-trump-annonce-la-reprise-des-negociations-avec-les-talibans\/\">Cliquez ici pour lire l&rsquo;article depuis sa source.<\/a><\/p>\n","protected":false},"excerpt":{"rendered":"<p>Publi\u00e9 le 28.11.2019 \u00e0 22h50 par AFP Le pr\u00e9sident des \u00c9tats-Unis Donald Trump a annonc\u00e9 jeudi lors d\u2019une br\u00e8ve visite nocturne surprise sur une base am\u00e9ricaine en Afghanistan que les n\u00e9gociations avec les talibans, interrompues en septembre, avaient repris. Le voyage de M. Trump, son premier dans le pays, avait \u00e9t\u00e9 gard\u00e9 secret pour des [&hellip;]<\/p>\n","protected":false},"author":1965,"featured_media":0,"comment_status":"closed","ping_status":"closed","sticky":false,"template":"","format":"standard","meta":{"fifu_image_url":"","fifu_image_alt":"","footnotes":""},"categories":[73,82],"tags":[],"class_list":["post-68827","post","type-post","status-publish","format-standard","hentry","category-actualite","category-cameroun"],"_links":{"self":[{"href":"https:\/\/linitiative.ca\/International\/wp-json\/wp\/v2\/posts\/68827","targetHints":{"allow":["GET"]}}],"collection":[{"href":"https:\/\/linitiative.ca\/International\/wp-json\/wp\/v2\/posts"}],"about":[{"href":"https:\/\/linitiative.ca\/International\/wp-json\/wp\/v2\/types\/post"}],"author":[{"embeddable":true,"href":"https:\/\/linitiative.ca\/International\/wp-json\/wp\/v2\/users\/1965"}],"replies":[{"embeddable":true,"href":"https:\/\/linitiative.ca\/International\/wp-json\/wp\/v2\/comments?post=68827"}],"version-history":[{"count":0,"href":"https:\/\/linitiative.ca\/International\/wp-json\/wp\/v2\/posts\/68827\/revisions"}],"wp:attachment":[{"href":"https:\/\/linitiative.ca\/International\/wp-json\/wp\/v2\/media?parent=68827"}],"wp:term":[{"taxonomy":"category","embeddable":true,"href":"https:\/\/linitiative.ca\/International\/wp-json\/wp\/v2\/categories?post=68827"},{"taxonomy":"post_tag","embeddable":true,"href":"https:\/\/linitiative.ca\/International\/wp-json\/wp\/v2\/tags?post=68827"}],"curies":[{"name":"wp","href":"https:\/\/api.w.org\/{rel}","templated":true}]}}