{"id":68828,"date":"2019-11-28T17:18:03","date_gmt":"2019-11-28T22:18:03","guid":{"rendered":"https:\/\/linitiative.ca\/International\/maroc-agadir-accueille-deux-evenements-internationaux-majeurs-autour-de-larganier-et-sa-biosphere\/"},"modified":"2019-11-28T17:18:03","modified_gmt":"2019-11-28T22:18:03","slug":"maroc-agadir-accueille-deux-evenements-internationaux-majeurs-autour-de-larganier-et-sa-biosphere","status":"publish","type":"post","link":"https:\/\/linitiative.ca\/International\/maroc-agadir-accueille-deux-evenements-internationaux-majeurs-autour-de-larganier-et-sa-biosphere\/","title":{"rendered":"Maroc : Agadir accueille deux \u00e9v\u00e9nements internationaux majeurs autour de l\u2019arganier et sa biosph\u00e8re"},"content":{"rendered":"<div readability=\"32\">\n<p>Publi\u00e9 le 28.11.2019 \u00e0 23h18 par APA News<\/p>\n<\/div>\n<div readability=\"96\">\n<p>La ville d\u2019Agadir abritera du 7 au 11 d\u00e9cembre prochain la 5\u00e8me \u00e9dition du congr\u00e8s international de l\u2019Arganier, qui co\u00efncidera cette ann\u00e9e avec la tenue de la toute premi\u00e8re \u00e9dition du Salon international de l\u2019Arganier, a appris APA aupr\u00e8s des organisateurs.Initi\u00e9s par l\u2019Agence marocaine pour le D\u00e9veloppement des Zones Oasiennes et de l\u2019Arganier (ANDZOA), ces deux \u00e9v\u00e9nements majeurs permettront aux diff\u00e9rents acteurs du secteur de discuter des moyens de promotion et de valorisation de la cha\u00eene de valeur de l\u2019arganier afin de renforcer son rayonnement \u00e0 l\u2019\u00e9chelle nationale et internationale.<\/p>\n<p>L\u2019organisation du congr\u00e8s et du salon de l\u2019arganier constituera l\u2019occasion idoine pour mettre en valeur les progr\u00e8s r\u00e9alis\u00e9s par les acteurs du secteur, et permettre de capitaliser sur les efforts d\u00e9ploy\u00e9s dans le cadre du Plan Maroc Vert afin de cr\u00e9er les synergies et convergences n\u00e9cessaires \u00e0 la protection des acquis riches et vari\u00e9s de ce secteur vital, indiquent les organisateurs dans un communiqu\u00e9.<\/p>\n<p>La 5\u00e8me \u00e9dition du Congr\u00e8s International de L\u2019Arganier se tient sous le th\u00e8me : \u00ab Capital naturel de l\u2019arganier : valeur et valorisation \u00bb, avec la participation de plus de 230 chercheurs et experts dans le secteur repr\u00e9sentant plus neuf pays et qui s\u2019attelleront aux derni\u00e8res contributions de la communaut\u00e9 scientifique et acad\u00e9mique pour orienter et d\u00e9velopper le secteur et \u00e9valuerons les moyens de valoriser la r\u00e9serve de biosph\u00e8re de l\u2019arganier (RBA) tout en exposant leurs recherches et travaux scientifiques.<\/p>\n<p>Un des moments forts du congr\u00e8s sera \u00e9galement le couronnement de jeunes chercheurs et doctorants ayant effectu\u00e9 les meilleures recherches scientifiques publi\u00e9es par des institutions scientifiques nationales et internationales.<\/p>\n<p>Parall\u00e8lement au congr\u00e8s, la premi\u00e8re \u00e9dition du Salon international de l\u2019Arganier se tiendra du 7 au 11 d\u00e9cembre offrant aux visiteurs une immersion dans l\u2019univers de la biosph\u00e8re de l\u2019arganeraie \u00e0 travers la visite de divers espaces et expositions de photographies et de peintures.<\/p>\n<p>Par ailleurs, ce salon de cinq jours sera l\u2019occasion d\u2019organiser des r\u00e9unions en BtoB et des Side-events qui r\u00e9uniront les diff\u00e9rents acteurs et professionnels du secteur dans le but de cr\u00e9er des r\u00e9seaux d\u2019\u00e9change d\u2019exp\u00e9riences et de promotion des produits de l\u2019arganeraie et de sa dimensions culturelle et patrimoniale.<\/p>\n<p>Dans le cadre des activit\u00e9s parall\u00e8les, un espace a \u00e9t\u00e9 consacr\u00e9 aux histoires et contes autour du patrimoine de l\u2019arganier, et un autre espace d\u00e9di\u00e9 aux enfants afin d\u2019enseigner aux jeunes g\u00e9n\u00e9rations une culture de la pr\u00e9servation du patrimoine mat\u00e9riel et immat\u00e9riel de l\u2019arganier.<\/p>\n<p>Les visiteurs d\u00e9couvriront \u00e9galement les m\u00e9thodes traditionnelles d\u2019extraction de l\u2019huile d\u2019argan, et pourront s\u2019offrir une d\u00e9gustation de plats pr\u00e9par\u00e9s \u00e0 base de cette huile.<\/p>\n<p>Afin de cr\u00e9er une dynamique \u00e0 l\u2019\u00e9chelle de toute la ville, cinq sites ont \u00e9t\u00e9 d\u00e9di\u00e9s aux activit\u00e9s commerciales et culturelles dans les principales places de la ville d\u2019Agadir avec la participation de 200 coop\u00e9ratives issues de huit provinces de la biosph\u00e8re de l\u2019arganeraie : Essaouira, Tiznit, Taroudant, Chtouka Ait Baha, Inezgane Ait Melloul, Guelmime, Agadir Ida-Ou-Tanane.<\/p>\n<p>Certes, ces deux \u00e9v\u00e9nements internationaux permettront de cr\u00e9er une dynamique entre les diff\u00e9rents acteurs de la cha\u00eene de valeur de la fili\u00e8re, de consolider les acquis et de donner un nouvel \u00e9lan au renforcement d\u2019une fili\u00e8re \u00e9conomiquement viable et socialement \u00e9quitable dans un environnement durable.<\/p>\n<\/div>\n<p>Auteur: APA News<br \/>\n<a href=\"https:\/\/www.journalducameroun.com\/maroc-agadir-accueille-deux-evenements-internationaux-majeurs-autour-de-larganier-et-sa-biosphere\/\">Cliquez ici pour lire l&rsquo;article depuis sa source.<\/a><\/p>\n","protected":false},"excerpt":{"rendered":"<p>Publi\u00e9 le 28.11.2019 \u00e0 23h18 par APA News La ville d\u2019Agadir abritera du 7 au 11 d\u00e9cembre prochain la 5\u00e8me \u00e9dition du congr\u00e8s international de l\u2019Arganier, qui co\u00efncidera cette ann\u00e9e avec la tenue de la toute premi\u00e8re \u00e9dition du Salon international de l\u2019Arganier, a appris APA aupr\u00e8s des organisateurs.Initi\u00e9s par l\u2019Agence marocaine pour le D\u00e9veloppement [&hellip;]<\/p>\n","protected":false},"author":1965,"featured_media":0,"comment_status":"closed","ping_status":"closed","sticky":false,"template":"","format":"standard","meta":{"fifu_image_url":"","fifu_image_alt":"","footnotes":""},"categories":[73,82],"tags":[],"class_list":["post-68828","post","type-post","status-publish","format-standard","hentry","category-actualite","category-cameroun"],"_links":{"self":[{"href":"https:\/\/linitiative.ca\/International\/wp-json\/wp\/v2\/posts\/68828","targetHints":{"allow":["GET"]}}],"collection":[{"href":"https:\/\/linitiative.ca\/International\/wp-json\/wp\/v2\/posts"}],"about":[{"href":"https:\/\/linitiative.ca\/International\/wp-json\/wp\/v2\/types\/post"}],"author":[{"embeddable":true,"href":"https:\/\/linitiative.ca\/International\/wp-json\/wp\/v2\/users\/1965"}],"replies":[{"embeddable":true,"href":"https:\/\/linitiative.ca\/International\/wp-json\/wp\/v2\/comments?post=68828"}],"version-history":[{"count":0,"href":"https:\/\/linitiative.ca\/International\/wp-json\/wp\/v2\/posts\/68828\/revisions"}],"wp:attachment":[{"href":"https:\/\/linitiative.ca\/International\/wp-json\/wp\/v2\/media?parent=68828"}],"wp:term":[{"taxonomy":"category","embeddable":true,"href":"https:\/\/linitiative.ca\/International\/wp-json\/wp\/v2\/categories?post=68828"},{"taxonomy":"post_tag","embeddable":true,"href":"https:\/\/linitiative.ca\/International\/wp-json\/wp\/v2\/tags?post=68828"}],"curies":[{"name":"wp","href":"https:\/\/api.w.org\/{rel}","templated":true}]}}