{"id":68831,"date":"2019-11-28T00:14:05","date_gmt":"2019-11-28T05:14:05","guid":{"rendered":"https:\/\/linitiative.ca\/International\/legislatives-municipales-2020-ce-que-prevoit-la-loi-apres-le-depot-des-candidatures\/"},"modified":"2019-11-28T00:14:05","modified_gmt":"2019-11-28T05:14:05","slug":"legislatives-municipales-2020-ce-que-prevoit-la-loi-apres-le-depot-des-candidatures","status":"publish","type":"post","link":"https:\/\/linitiative.ca\/International\/legislatives-municipales-2020-ce-que-prevoit-la-loi-apres-le-depot-des-candidatures\/","title":{"rendered":"L\u00e9gislatives municipales 2020 : ce que pr\u00e9voit la loi apr\u00e8s le d\u00e9p\u00f4t des candidatures"},"content":{"rendered":"<p>\ufeff<\/p>\n<p><meta charset=\"UTF-8\"\/><link rel=\"profile\" href=\"http:\/\/gmpg.org\/xfn\/11\"\/><link rel=\"pingback\" href=\"https:\/\/ecomatin.net\/xmlrpc.php\"\/><!-- Jetpack Site Verification Tags --><link rel=\"dns-prefetch\" href=\"\/\/s0.wp.com\"\/><link rel=\"dns-prefetch\" href=\"\/\/secure.gravatar.com\"\/><link rel=\"dns-prefetch\" href=\"\/\/s.w.org\"\/><link rel=\"alternate\" type=\"application\/rss+xml\" title=\"EcoMatin \u00bb L\u00e9gislatives municipales 2020 : ce que pr\u00e9voit la loi apr\u00e8s le d\u00e9p\u00f4t des candidatures Flux des commentaires\" href=\"https:\/\/ecomatin.net\/legislatives-municipales-2020-ce-que-prevoit-la-loi-apres-le-depot-des-candidatures\/feed\/\"\/>\n<style type=\"text\/css\"><![CDATA[\nimg.wp-smiley,\nimg.emoji {\n\tdisplay: inline !important;\n\tborder: none !important;\n\tbox-shadow: none !important;\n\theight: 1em !important;\n\twidth: 1em !important;\n\tmargin: 0 .07em !important;\n\tvertical-align: -0.1em !important;\n\tbackground: none !important;\n\tpadding: 0 !important;\n}\n]]><\/style>\n<link rel=\"stylesheet\" id=\"wp-block-library-css\" href=\"https:\/\/c0.wp.com\/c\/5.3\/wp-includes\/css\/dist\/block-library\/style.min.css\" type=\"text\/css\" media=\"all\"\/><link rel=\"stylesheet\" id=\"cookie-notice-front-css\" href=\"https:\/\/ecomatin.net\/wp-content\/plugins\/cookie-notice\/css\/front.min.css?ver=5.3\" type=\"text\/css\" media=\"all\"\/><link rel=\"stylesheet\" id=\"related-posts-by-taxonomy-css\" href=\"https:\/\/ecomatin.net\/wp-content\/plugins\/related-posts-by-taxonomy\/includes\/assets\/css\/styles.css?ver=5.3\" type=\"text\/css\" media=\"all\"\/><link rel=\"stylesheet\" id=\"uaf_client_css-css\" href=\"https:\/\/ecomatin.net\/wp-content\/uploads\/useanyfont\/uaf.css?ver=1574687123\" type=\"text\/css\" media=\"all\"\/><link rel=\"stylesheet\" id=\"jannah-extensions-shortcodes-styles-css\" href=\"https:\/\/ecomatin.net\/wp-content\/plugins\/jannah-extensions\/shortcodes\/assets\/style.css?ver=5.3\" type=\"text\/css\" media=\"all\"\/><link rel=\"stylesheet\" id=\"jetpack_css-css\" href=\"https:\/\/c0.wp.com\/p\/jetpack\/6.7.1\/css\/jetpack.css\" type=\"text\/css\" media=\"all\"\/><link rel=\"https:\/\/api.w.org\/\" href=\"https:\/\/ecomatin.net\/wp-json\/\"\/><link rel=\"EditURI\" type=\"application\/rsd+xml\" title=\"RSD\" href=\"https:\/\/ecomatin.net\/xmlrpc.php?rsd\"\/><link rel=\"wlwmanifest\" type=\"application\/wlwmanifest+xml\" href=\"https:\/\/ecomatin.net\/wp-includes\/wlwmanifest.xml\"\/><link rel=\"prev\" title=\"Nextel, victime de sa crise interne\" href=\"https:\/\/ecomatin.net\/nextel-victime-de-sa-crise-interne\/\"\/><meta name=\"generator\" content=\"WordPress 5.3\"\/><link rel=\"canonical\" href=\"https:\/\/ecomatin.net\/legislatives-municipales-2020-ce-que-prevoit-la-loi-apres-le-depot-des-candidatures\/\"\/><link rel=\"shortlink\" href=\"https:\/\/wp.me\/p8ADch-3U2\"\/><link rel=\"alternate\" type=\"application\/json+oembed\" href=\"https:\/\/ecomatin.net\/wp-json\/oembed\/1.0\/embed?url=https%3A%2F%2Fecomatin.net%2Flegislatives-municipales-2020-ce-que-prevoit-la-loi-apres-le-depot-des-candidatures%2F\"\/><link rel=\"alternate\" type=\"text\/xml+oembed\" href=\"https:\/\/ecomatin.net\/wp-json\/oembed\/1.0\/embed?url=https%3A%2F%2Fecomatin.net%2Flegislatives-municipales-2020-ce-que-prevoit-la-loi-apres-le-depot-des-candidatures%2F&#038;format=xml\"\/><link rel=\"dns-prefetch\" href=\"\/\/v0.wordpress.com\"\/><link rel=\"dns-prefetch\" href=\"\/\/jetpack.wordpress.com\"\/><link rel=\"dns-prefetch\" href=\"\/\/s0.wp.com\"\/><link rel=\"dns-prefetch\" href=\"\/\/s1.wp.com\"\/><link rel=\"dns-prefetch\" href=\"\/\/s2.wp.com\"\/><link rel=\"dns-prefetch\" href=\"\/\/public-api.wordpress.com\"\/><link rel=\"dns-prefetch\" href=\"\/\/0.gravatar.com\"\/><link rel=\"dns-prefetch\" href=\"\/\/1.gravatar.com\"\/><link rel=\"dns-prefetch\" href=\"\/\/2.gravatar.com\"\/><link rel=\"dns-prefetch\" href=\"\/\/i0.wp.com\"\/><link rel=\"dns-prefetch\" href=\"\/\/i1.wp.com\"\/><link rel=\"dns-prefetch\" href=\"\/\/i2.wp.com\"\/><link rel=\"dns-prefetch\" href=\"\/\/c0.wp.com\"\/>\n<style type=\"text\/css\"><![CDATA[\n\t\t\t\thtml:not( .jetpack-lazy-images-js-enabled ) .jetpack-lazy-image {\n\t\t\t\t\tdisplay: none;\n\t\t\t\t}\n\t\t\t]]><\/style>\n<link rel=\"amphtml\" href=\"https:\/\/ecomatin.net\/legislatives-municipales-2020-ce-que-prevoit-la-loi-apres-le-depot-des-candidatures\/amp\/\"\/><link rel=\"icon\" href=\"https:\/\/i0.wp.com\/ecomatin.net\/wp-content\/uploads\/2018\/09\/cropped-favicon-ecomatin-1.jpg?fit=32%2C32&#038;ssl=1\" sizes=\"32x32\"\/><link rel=\"icon\" href=\"https:\/\/i0.wp.com\/ecomatin.net\/wp-content\/uploads\/2018\/09\/cropped-favicon-ecomatin-1.jpg?fit=192%2C192&#038;ssl=1\" sizes=\"192x192\"\/><link rel=\"apple-touch-icon-precomposed\" href=\"https:\/\/i0.wp.com\/ecomatin.net\/wp-content\/uploads\/2018\/09\/cropped-favicon-ecomatin-1.jpg?fit=180%2C180&#038;ssl=1\"\/><meta name=\"msapplication-TileImage\" content=\"https:\/\/i0.wp.com\/ecomatin.net\/wp-content\/uploads\/2018\/09\/cropped-favicon-ecomatin-1.jpg?fit=270%2C270&#038;ssl=1\"\/><br \/>\nAuteur: EcoMatin<br \/>\n<a href=\"https:\/\/ecomatin.net\/legislatives-municipales-2020-ce-que-prevoit-la-loi-apres-le-depot-des-candidatures\/\">Cliquez ici pour lire l&rsquo;article depuis sa source.<\/a><\/p>\n","protected":false},"excerpt":{"rendered":"<p>\ufeff Auteur: EcoMatin Cliquez ici pour lire l&rsquo;article depuis sa source.<\/p>\n","protected":false},"author":1969,"featured_media":0,"comment_status":"closed","ping_status":"closed","sticky":false,"template":"","format":"standard","meta":{"fifu_image_url":"","fifu_image_alt":"","footnotes":""},"categories":[82,78],"tags":[],"class_list":["post-68831","post","type-post","status-publish","format-standard","hentry","category-cameroun","category-economie"],"_links":{"self":[{"href":"https:\/\/linitiative.ca\/International\/wp-json\/wp\/v2\/posts\/68831","targetHints":{"allow":["GET"]}}],"collection":[{"href":"https:\/\/linitiative.ca\/International\/wp-json\/wp\/v2\/posts"}],"about":[{"href":"https:\/\/linitiative.ca\/International\/wp-json\/wp\/v2\/types\/post"}],"author":[{"embeddable":true,"href":"https:\/\/linitiative.ca\/International\/wp-json\/wp\/v2\/users\/1969"}],"replies":[{"embeddable":true,"href":"https:\/\/linitiative.ca\/International\/wp-json\/wp\/v2\/comments?post=68831"}],"version-history":[{"count":0,"href":"https:\/\/linitiative.ca\/International\/wp-json\/wp\/v2\/posts\/68831\/revisions"}],"wp:attachment":[{"href":"https:\/\/linitiative.ca\/International\/wp-json\/wp\/v2\/media?parent=68831"}],"wp:term":[{"taxonomy":"category","embeddable":true,"href":"https:\/\/linitiative.ca\/International\/wp-json\/wp\/v2\/categories?post=68831"},{"taxonomy":"post_tag","embeddable":true,"href":"https:\/\/linitiative.ca\/International\/wp-json\/wp\/v2\/tags?post=68831"}],"curies":[{"name":"wp","href":"https:\/\/api.w.org\/{rel}","templated":true}]}}