{"id":68832,"date":"2019-11-29T09:02:57","date_gmt":"2019-11-29T14:02:57","guid":{"rendered":"https:\/\/linitiative.ca\/International\/tanger-la-peine-de-mort-pour-un-egyptien-et-son-complice\/"},"modified":"2019-11-29T09:02:57","modified_gmt":"2019-11-29T14:02:57","slug":"tanger-la-peine-de-mort-pour-un-egyptien-et-son-complice","status":"publish","type":"post","link":"https:\/\/linitiative.ca\/International\/tanger-la-peine-de-mort-pour-un-egyptien-et-son-complice\/","title":{"rendered":"Tanger : La peine de mort pour un Egyptien et son complice"},"content":{"rendered":"<header>\n<\/header>\n<div class=\"entry-content clearfix\" readability=\"54\"><img decoding=\"async\" class=\"post_layout_5_img\" src=\"http:\/\/aujourdhui.ma\/wp-content\/uploads\/2019\/11\/Justice-.jpg?x29840\" alt=\"Tanger : La peine de mort pour un Egyptien et son complice\"\/><\/p>\n<p class=\"p1\"><span class=\"s1 c4\"><strong>La chambre criminelle pr\u00e8s la Cour d\u2019appel de Tanger a rendu, lors de la premi\u00e8re heure du mercredi, son verdict contre un ressortissant \u00e9gyptien qui a tu\u00e9 son associ\u00e9 et a mutil\u00e9 son corps et son complice marocain, en les condamnant \u00e0 la peine capitale.<\/strong><\/span> <span id=\"more-324949\"\/><\/p>\n<p class=\"p1\"><span class=\"s1\">L\u2019affaire remonte au mois de novembre 2018 quand la victime n\u2019a plus donn\u00e9 signe de vie. Sa famille \u00e0 Casablanca a port\u00e9 plainte et les investigations ont \u00e9t\u00e9 entam\u00e9es. La voiture de la victime a \u00e9t\u00e9 retrouv\u00e9e. Les traces de sang et des \u00e9chantillons biologiques suppos\u00e9s appartenir \u00e0 la personne tu\u00e9e ont \u00e9t\u00e9 relev\u00e9s.<\/span><\/p>\n<p class=\"p1\"><span class=\"s1\">De cendres d\u00e9couvertes sur la sc\u00e8ne du crime ont \u00e9galement \u00e9t\u00e9 examin\u00e9es par les enqu\u00eateurs. Cinq mois plus tard, en avril 2019, l\u2019affaire a \u00e9t\u00e9 tir\u00e9e au clair. A ce propos, il s\u2019est av\u00e9r\u00e9 que le ressortissant \u00e9gyptien, avec la complicit\u00e9 de son ami marocain, a attir\u00e9 la victime, qui fut son associ\u00e9, de Casablanca \u00e0 Tanger. Il l\u2019a tu\u00e9 avant de br\u00fbler son corps dans un terrain vague dans les environs de la ville.<\/span><\/p>\n<\/div>\n<p>Auteur: Abderrafii ALOUMLIKI<br \/>\n<a href=\"http:\/\/aujourdhui.ma\/faits-divers\/tanger-la-peine-de-mort-pour-un-egyptien-et-son-complice\">Cliquez ici pour lire l&rsquo;article depuis sa source.<\/a><\/p>\n","protected":false},"excerpt":{"rendered":"<p>La chambre criminelle pr\u00e8s la Cour d\u2019appel de Tanger a rendu, lors de la premi\u00e8re heure du mercredi, son verdict contre un ressortissant \u00e9gyptien qui a tu\u00e9 son associ\u00e9 et a mutil\u00e9 son corps et son complice marocain, en les condamnant \u00e0 la peine capitale. L\u2019affaire remonte au mois de novembre 2018 quand la victime [&hellip;]<\/p>\n","protected":false},"author":1759,"featured_media":0,"comment_status":"closed","ping_status":"closed","sticky":false,"template":"","format":"standard","meta":{"fifu_image_url":"","fifu_image_alt":"","footnotes":""},"categories":[73,54],"tags":[],"class_list":["post-68832","post","type-post","status-publish","format-standard","hentry","category-actualite","category-maroc"],"_links":{"self":[{"href":"https:\/\/linitiative.ca\/International\/wp-json\/wp\/v2\/posts\/68832","targetHints":{"allow":["GET"]}}],"collection":[{"href":"https:\/\/linitiative.ca\/International\/wp-json\/wp\/v2\/posts"}],"about":[{"href":"https:\/\/linitiative.ca\/International\/wp-json\/wp\/v2\/types\/post"}],"author":[{"embeddable":true,"href":"https:\/\/linitiative.ca\/International\/wp-json\/wp\/v2\/users\/1759"}],"replies":[{"embeddable":true,"href":"https:\/\/linitiative.ca\/International\/wp-json\/wp\/v2\/comments?post=68832"}],"version-history":[{"count":0,"href":"https:\/\/linitiative.ca\/International\/wp-json\/wp\/v2\/posts\/68832\/revisions"}],"wp:attachment":[{"href":"https:\/\/linitiative.ca\/International\/wp-json\/wp\/v2\/media?parent=68832"}],"wp:term":[{"taxonomy":"category","embeddable":true,"href":"https:\/\/linitiative.ca\/International\/wp-json\/wp\/v2\/categories?post=68832"},{"taxonomy":"post_tag","embeddable":true,"href":"https:\/\/linitiative.ca\/International\/wp-json\/wp\/v2\/tags?post=68832"}],"curies":[{"name":"wp","href":"https:\/\/api.w.org\/{rel}","templated":true}]}}