{"id":68833,"date":"2019-11-29T09:06:40","date_gmt":"2019-11-29T14:06:40","guid":{"rendered":"https:\/\/linitiative.ca\/International\/la-biennale-de-casablanca-devoile-sa-liste-dartistes\/"},"modified":"2019-11-29T09:06:40","modified_gmt":"2019-11-29T14:06:40","slug":"la-biennale-de-casablanca-devoile-sa-liste-dartistes","status":"publish","type":"post","link":"https:\/\/linitiative.ca\/International\/la-biennale-de-casablanca-devoile-sa-liste-dartistes\/","title":{"rendered":"La Biennale de Casablanca d\u00e9voile sa liste d\u2019artistes"},"content":{"rendered":"<p><img decoding=\"async\" class=\"post_layout_5_img\" src=\"http:\/\/aujourdhui.ma\/wp-content\/uploads\/2019\/11\/Artistes-Biennale-de-Casablanca.jpg?x29840\" alt=\"La Biennale de Casablanca d\u00e9voile sa liste d\u2019artistes\"\/><\/p>\n<p class=\"p1\"><span class=\"c4\"><strong>42 artistes originaires des cinq continents ont \u00e9t\u00e9 choisis parmi plus de 500 propositions re\u00e7ues du monde entier<\/strong><\/span><span id=\"more-325087\"\/><\/p>\n<div class=\"base-box mom_box_sc_custom mom_box_sc clear c5\" readability=\"9\">\n<p class=\"p1\"><strong><span class=\"s1\"><em>Le programme de r\u00e9sidences Ifitry a permis d\u2019identifier des artistes dont le travail fait \u00e9cho au th\u00e8me de la Biennale, parmi lesquels H\u00e9l\u00e8ne Jayet (France) et Khadija Tnana (Maroc).<\/em><\/span><\/strong><\/p>\n<\/div>\n<p class=\"p1\"><span class=\"s1\">La Biennale de Casablanca a annonc\u00e9 la premi\u00e8re liste d\u2019artistes s\u00e9lectionn\u00e9s pour sa 5\u00e8me \u00e9dition qui se d\u00e9roulera du 24 septembre au 1er novembre 2020. Selon les organisateurs, 42 artistes originaires des cinq continents ont \u00e9t\u00e9 choisis parmi plus de 500 propositions re\u00e7ues du monde entier suite \u00e0 un appel \u00e0 candidatures lanc\u00e9 du 29 janvier au 31 mars 2019. En effet, la liste comprend entre autres les Marocains Zineb Benjelloun et Badr El Hammami, Kelani Abass (Nigeria), Mohamed Abdelkarim (\u00c9gypte), Soraya Abu Nabaa (R\u00e9publique Dominicaine\/ \u00c9tats-Unis), Immaculate Mali Anderu (Ouganda), Wendimagegn Belete (\u00c9thiopie), Lina Ben Rejeb (Tunisie), Rehema Chachage (Tanzanie), Ishita Chakraborty (Inde), Kyoo Choix (Cor\u00e9e du Sud), Aisha Jemila Daniels (\u00c9tats-Unis), Annalee Davis (Barbade) et Ali El-Darsa (Liban\/Canada). Selon les organisateurs, d\u2019autres artistes marocains seront annonc\u00e9s fin 2019.<\/span><\/p>\n<p class=\"p1\"><span class=\"s1\"><em>\u00abLa Biennale continue d\u2019approfondir son lien avec la sc\u00e8ne artistique marocaine. Une liste suppl\u00e9mentaire d\u2019artistes marocains sera d\u00e9voil\u00e9e d\u2019ici fin 2019\u00bb.<\/em> Il faut \u00e9galement<span class=\"Apple-converted-space\">\u00a0<\/span> noter que le programme de r\u00e9sidences Ifitry (r\u00e9gion d\u2019Essaouira) a \u00e9galement permis d\u2019identifier des artistes dont le travail fait \u00e9cho au th\u00e8me de la Biennale, parmi lesquels H\u00e9l\u00e8ne Jayet (France) et Khadija Tnana (Maroc). La<\/span> <span class=\"s2\">s\u00e9lection sera compl\u00e9t\u00e9e par des recherches et collaborations curatoriales de long terme, avec la participation confirm\u00e9e d\u2019Yvon Ngassam (Cameroun), Oliver Ressler (Autriche) et d\u2019autres artistes internationalement reconnus qui seront bient\u00f4t nomm\u00e9s. Plac\u00e9e sous la direction artistique de Christine Eyene, historienne de l\u2019art et commissaire d\u2019expositions, la 5\u00e8me Biennale internationale de Casablanca s\u2019intitule \u00abLes mots cr\u00e9ent des images\u00bb. <\/span><\/p>\n<p class=\"p1\"><span class=\"s2\"><em>\u00abC\u2019est un th\u00e8me inspir\u00e9 par la pens\u00e9e du photographe sud-africain George Hallett sur le lien entre la litt\u00e9rature et les processus de cr\u00e9ation d\u2019images\u00bb<\/em>. Dans le cadre du programme d\u2019incubation de la Biennale, plusieurs expositions, conf\u00e9rences et ateliers sont d\u00e8s \u00e0 pr\u00e9sent programm\u00e9s entre janvier et juillet 2020 au BIC Project Space (Casablanca) avec les artistes Gilles Aubry (Suisse), Ihsane Boudrig (Maroc), Bianca Baldi (Afrique du Sud), Shiraz Bayjoo (\u00cele Maurice), Sa\u00efd Ra\u00efs (Maroc), Ben Saint-Maxent (France) et Filip Van Dingenen (Belgique).<\/span><\/p>\n<p class=\"p1\"><span class=\"s2\">Le programme comprendra \u00e9galement un atelier dirig\u00e9 par Fran\u00e7oise Verg\u00e8s et une exposition d\u2019images et documents de recherche sur le photographe sud-africain George Hallett, dont les travaux autour de la litt\u00e9rature africaine et le graphisme \u00e9clairent le th\u00e8me de la Biennale 2020. Cr\u00e9\u00e9e en 2012, la Biennale internationale de Casablanca est une initiative ind\u00e9pendante d\u00e9velopp\u00e9e et soutenue par la Fondation Maroc Premium.<\/span><\/p>\n<p>Auteur: Siham Jadraoui<br \/>\n<a href=\"http:\/\/aujourdhui.ma\/culture\/la-biennale-de-casablanca-devoile-sa-liste-dartistes\">Cliquez ici pour lire l&rsquo;article depuis sa source.<\/a><\/p>\n","protected":false},"excerpt":{"rendered":"<p>42 artistes originaires des cinq continents ont \u00e9t\u00e9 choisis parmi plus de 500 propositions re\u00e7ues du monde entier Le programme de r\u00e9sidences Ifitry a permis d\u2019identifier des artistes dont le travail fait \u00e9cho au th\u00e8me de la Biennale, parmi lesquels H\u00e9l\u00e8ne Jayet (France) et Khadija Tnana (Maroc). La Biennale de Casablanca a annonc\u00e9 la premi\u00e8re [&hellip;]<\/p>\n","protected":false},"author":1759,"featured_media":0,"comment_status":"closed","ping_status":"closed","sticky":false,"template":"","format":"standard","meta":{"fifu_image_url":"","fifu_image_alt":"","footnotes":""},"categories":[73,54],"tags":[],"class_list":["post-68833","post","type-post","status-publish","format-standard","hentry","category-actualite","category-maroc"],"_links":{"self":[{"href":"https:\/\/linitiative.ca\/International\/wp-json\/wp\/v2\/posts\/68833","targetHints":{"allow":["GET"]}}],"collection":[{"href":"https:\/\/linitiative.ca\/International\/wp-json\/wp\/v2\/posts"}],"about":[{"href":"https:\/\/linitiative.ca\/International\/wp-json\/wp\/v2\/types\/post"}],"author":[{"embeddable":true,"href":"https:\/\/linitiative.ca\/International\/wp-json\/wp\/v2\/users\/1759"}],"replies":[{"embeddable":true,"href":"https:\/\/linitiative.ca\/International\/wp-json\/wp\/v2\/comments?post=68833"}],"version-history":[{"count":0,"href":"https:\/\/linitiative.ca\/International\/wp-json\/wp\/v2\/posts\/68833\/revisions"}],"wp:attachment":[{"href":"https:\/\/linitiative.ca\/International\/wp-json\/wp\/v2\/media?parent=68833"}],"wp:term":[{"taxonomy":"category","embeddable":true,"href":"https:\/\/linitiative.ca\/International\/wp-json\/wp\/v2\/categories?post=68833"},{"taxonomy":"post_tag","embeddable":true,"href":"https:\/\/linitiative.ca\/International\/wp-json\/wp\/v2\/tags?post=68833"}],"curies":[{"name":"wp","href":"https:\/\/api.w.org\/{rel}","templated":true}]}}