{"id":68834,"date":"2019-11-29T09:16:32","date_gmt":"2019-11-29T14:16:32","guid":{"rendered":"https:\/\/linitiative.ca\/International\/les-oeuvres-de-amina-rezki-a-la-galerie-thema-de-casablanca\/"},"modified":"2019-11-29T09:16:32","modified_gmt":"2019-11-29T14:16:32","slug":"les-oeuvres-de-amina-rezki-a-la-galerie-thema-de-casablanca","status":"publish","type":"post","link":"https:\/\/linitiative.ca\/International\/les-oeuvres-de-amina-rezki-a-la-galerie-thema-de-casablanca\/","title":{"rendered":"Les \u0153uvres de Amina Rezki \u00e0 la galerie Thema de Casablanca"},"content":{"rendered":"<p><img decoding=\"async\" class=\"post_layout_5_img\" src=\"http:\/\/aujourdhui.ma\/wp-content\/uploads\/2019\/11\/Les-%C5%93uvres-de-Amina-Rezki.jpg?x29840\" alt=\"Les \u0153uvres de Amina Rezki \u00e0 la galerie Thema de Casablanca\"\/><\/p>\n<p class=\"p1\"><span class=\"s1 c4\"><strong>Elle y expose essentiellement des portraits, des dessins, de petits et grands formats<\/strong><\/span><span id=\"more-325078\"\/><\/p>\n<p class=\"p1\"><span class=\"s1\">Apr\u00e8s avoir expos\u00e9 ses \u0153uvres \u00e0 la Biennale de Rabat, l\u2019artiste belgo-marocaine Amina Rezki revient \u00e0 Casablanca pour pr\u00e9senter sa nouvelle exposition \u00e0 la galerie Thema et ce jusqu\u2019au 21 d\u00e9cembre. L\u2019ensemble des \u0153uvres pr\u00e9sent\u00e9es a \u00e9t\u00e9 produit \u00e0 Bruxelles dans lequel l\u2019artiste montre des portraits, des dessins, de petits et grands formats. <em>\u00abJ\u2019ai dessin\u00e9 beaucoup de grands formats ces deux derni\u00e8res ann\u00e9es. J\u2019avais envie de revenir \u00e0 ma passion premi\u00e8re\u00bb,<\/em> peut-on lire dans une note d\u2019information.<\/span><\/p>\n<p class=\"p1\"><span class=\"s1\">Amina Rezki ne s\u2019inscrit dans aucune \u00e9cole ou mouvement plastique. Dot\u00e9e de son propre univers, elle se laisse guider par son instinct. D\u00e9laissant l\u2019abstraction pour la figuration, elle peint et dessine visages et corps tortur\u00e9s, sc\u00e8nes apocalyptiques ou dystopiques. \u00abExpressivit\u00e9, force, et profondeur\u2026 je suis tr\u00e8s instinctive. Loin de l\u2019acad\u00e9misme, ma peinture t\u00e9moigne d\u2019une recherche perp\u00e9tuelle, d\u2019une lutte intense contre les acquis et les habitudes\u00bb, indique-t-elle. En ajoutant que <em>\u00abje ne veux pas m\u2019enfermer dans un style, mais laisser tout champ ouvert\u00bb.<\/em> Pour l\u2019artiste, le papier, la toile blanche, le dessin et la peinture repr\u00e9sentent pour elle un champ de libert\u00e9. <\/span><\/p>\n<p class=\"p1\"><span class=\"s1\"><em>\u00abUne simple t\u00e2che ou une trace jet\u00e9e sur la toile ou sur le papier stimule mon imaginaire qui construit progressivement le tableau ou le dessin. Je ne me s\u00e9pare jamais de mon carnet de dessin. Je peins et dessine sans rel\u00e2che, je passe de l\u2019un \u00e0 l\u2019autre sans difficult\u00e9. Mon travail se nourrit de tout ce que j\u2019observe autour de moi. Je n\u2019ai aucune difficult\u00e9 \u00e0 passer du dessin \u00e0 la peinture et vice versa\u00bb<\/em>, dit-elle. Pour peindre et dessiner, l\u2019artiste utilise de l\u2019acrylique, de l\u2019encre. D\u2019ailleurs, toutes les disciplines artistiques l\u2019attirent. <em>\u00abJe pratique la gravure \u00e0 la pointe s\u00e8che, et depuis quelques ann\u00e9es la photographie<\/em>\u00bb. Arriv\u00e9e \u00e0 l\u2019\u00e2ge de cinq ans en Belgique, Amina Rezki se d\u00e9couvre d\u00e8s l\u2019enfance une passion pour le dessin.<\/span><\/p>\n<p class=\"p1\"><span class=\"s1\">Apr\u00e8s une formation \u00e0 l\u2019Acad\u00e9mie des beaux-arts de Bruxelles, elle se consacre \u00e0 l\u2019\u00e9ducation de ses enfants avant d\u2019entreprendre entre 2003 et 2009 des cours intensifs de peinture \u00e0 l\u2019Acad\u00e9mie d\u2019art d\u2019Uccle \u00e0 Bruxelles.<\/span><\/p>\n<p>Auteur: Siham Jadraoui<br \/>\n<a href=\"http:\/\/aujourdhui.ma\/culture\/les-oeuvres-de-amina-rezki-a-la-galerie-thema-de-casablanca\">Cliquez ici pour lire l&rsquo;article depuis sa source.<\/a><\/p>\n","protected":false},"excerpt":{"rendered":"<p>Elle y expose essentiellement des portraits, des dessins, de petits et grands formats Apr\u00e8s avoir expos\u00e9 ses \u0153uvres \u00e0 la Biennale de Rabat, l\u2019artiste belgo-marocaine Amina Rezki revient \u00e0 Casablanca pour pr\u00e9senter sa nouvelle exposition \u00e0 la galerie Thema et ce jusqu\u2019au 21 d\u00e9cembre. L\u2019ensemble des \u0153uvres pr\u00e9sent\u00e9es a \u00e9t\u00e9 produit \u00e0 Bruxelles dans lequel [&hellip;]<\/p>\n","protected":false},"author":1759,"featured_media":0,"comment_status":"closed","ping_status":"closed","sticky":false,"template":"","format":"standard","meta":{"fifu_image_url":"","fifu_image_alt":"","footnotes":""},"categories":[73,54],"tags":[],"class_list":["post-68834","post","type-post","status-publish","format-standard","hentry","category-actualite","category-maroc"],"_links":{"self":[{"href":"https:\/\/linitiative.ca\/International\/wp-json\/wp\/v2\/posts\/68834","targetHints":{"allow":["GET"]}}],"collection":[{"href":"https:\/\/linitiative.ca\/International\/wp-json\/wp\/v2\/posts"}],"about":[{"href":"https:\/\/linitiative.ca\/International\/wp-json\/wp\/v2\/types\/post"}],"author":[{"embeddable":true,"href":"https:\/\/linitiative.ca\/International\/wp-json\/wp\/v2\/users\/1759"}],"replies":[{"embeddable":true,"href":"https:\/\/linitiative.ca\/International\/wp-json\/wp\/v2\/comments?post=68834"}],"version-history":[{"count":0,"href":"https:\/\/linitiative.ca\/International\/wp-json\/wp\/v2\/posts\/68834\/revisions"}],"wp:attachment":[{"href":"https:\/\/linitiative.ca\/International\/wp-json\/wp\/v2\/media?parent=68834"}],"wp:term":[{"taxonomy":"category","embeddable":true,"href":"https:\/\/linitiative.ca\/International\/wp-json\/wp\/v2\/categories?post=68834"},{"taxonomy":"post_tag","embeddable":true,"href":"https:\/\/linitiative.ca\/International\/wp-json\/wp\/v2\/tags?post=68834"}],"curies":[{"name":"wp","href":"https:\/\/api.w.org\/{rel}","templated":true}]}}