{"id":68835,"date":"2019-11-29T09:27:16","date_gmt":"2019-11-29T14:27:16","guid":{"rendered":"https:\/\/linitiative.ca\/International\/abdennasser-mekkaoui-laffluence-au-4e-festival-international-du-kanun-a-depasse-les-attentes\/"},"modified":"2019-11-29T09:27:16","modified_gmt":"2019-11-29T14:27:16","slug":"abdennasser-mekkaoui-laffluence-au-4e-festival-international-du-kanun-a-depasse-les-attentes","status":"publish","type":"post","link":"https:\/\/linitiative.ca\/International\/abdennasser-mekkaoui-laffluence-au-4e-festival-international-du-kanun-a-depasse-les-attentes\/","title":{"rendered":"Abdennasser Mekkaoui : \u00abL\u2019affluence au 4e Festival international du kanun a d\u00e9pass\u00e9 les attentes\u00bb"},"content":{"rendered":"<p><img decoding=\"async\" class=\"post_layout_5_img\" src=\"http:\/\/aujourdhui.ma\/wp-content\/uploads\/2019\/11\/Abdennasser-Mekkaoui-pre%CC%81sident-de-l%E2%80%99association-Afnan-pour-la-culture-et-les-arts.jpg?x29840\" alt=\"Abdennasser Mekkaoui : \u00abL\u2019affluence au 4e Festival international du kanun a d\u00e9pass\u00e9 les attentes\u00bb\"\/><\/p>\n<p class=\"p1\"><span class=\"c4\"><strong><span class=\"s1\"><em>Entretien avec<\/em> Abdennasser Mekkaoui, p<\/span><span class=\"s2\"><em>r\u00e9sident de l\u2019association Afnan pour la culture et les arts<\/em><\/span><\/strong><\/span><span id=\"more-325101\"\/><\/p>\n<div class=\"base-box mom_box_sc_custom mom_box_sc clear c6\" readability=\"16\">\n<p class=\"p1\"><span class=\"c5\"><strong><span class=\"s1\"><em>En partenariat avec l\u2019association Ribat Al Fath pour le d\u00e9veloppement durable, le 4\u00e8me Festival international du kanun s\u2019est r\u00e9cemment tenu \u00e0 Rabat \u00e0 l\u2019initiative de l\u2019association Afnan pour la culture et les arts. Le pr\u00e9sident de cette structure, Abdennasser Mekkaoui, dresse un bilan de cette manifestation, marqu\u00e9e, entre autres, par un hommage au \u00abkanunji\u00bb de l\u2019orchestre royal Abdelwahab El Wachiri et d\u2019autres particularit\u00e9s. Le responsable s\u2019exprime \u00e9galement sur ses projets pour l\u2019apprentissage de cet instrument.<\/em><\/span><\/strong><\/span><\/p>\n<\/div>\n<p class=\"p1\"><span class=\"s1\"><strong>ALM : Quel bilan faites-vous de cette \u00e9dition ?<\/strong><\/span><\/p>\n<p class=\"p1\"><span class=\"s1\"><strong>Abdennasser Mekkaoui:<\/strong> Cette \u00e9dition a notamment connu une grande affluence du public qui a d\u00e9pass\u00e9 les attentes. Cela veut dire qu\u2019un public est \u00e0 l\u2019aff\u00fbt d\u2019une musique acad\u00e9mique noble. Cela \u00e9tant, le festival, initi\u00e9 en partenariat avec l\u2019association Ribat Al Fath pour le d\u00e9veloppement durable et avec le soutien du minist\u00e8re de la culture, a \u00e9t\u00e9 marqu\u00e9 cette ann\u00e9e par la participation de nouveaux artistes en provenance notamment de la Turquie et d\u2019Alg\u00e9rie. Les enfants de la communaut\u00e9 marocaine en Belgique n\u2019\u00e9taient pas en reste. De plus, des professeurs, instrumentistes et \u00e9tudiants de diff\u00e9rentes villes marocaines ont pris part \u00e0 cette \u00e9dition dont le Liban \u00e9tait l\u2019invit\u00e9 d\u2019honneur. Aussi, cette manifestation a \u00e9t\u00e9 rythm\u00e9e par des spectacles de l\u2019\u00e9cole turque, orientale, marocaine moderne et patrimoniale. Le festival s\u2019est \u00e9galement distingu\u00e9 par l\u2019organisation d\u2019ateliers pour les \u00e9tudiants encadr\u00e9s par des professeurs \u00e9minents de l\u2019Institut national de la musique et l\u2019art chor\u00e9graphique \u00e0 Rabat.<\/span><\/p>\n<p class=\"p1\"><span class=\"s1\"><strong>Quels sont les moments forts du festival cette ann\u00e9e?<\/strong><\/span><\/p>\n<p class=\"p1\"><span class=\"s1\">Le bal a \u00e9t\u00e9 ouvert par un concert collectif au Th\u00e9\u00e2tre national Mohammed V o\u00f9 le festival s\u2019est tenu pour la premi\u00e8re fois de 50 interpr\u00e8tes de Kanun qui ont jou\u00e9 des \u0153uvres<span class=\"Apple-converted-space\">\u00a0<\/span> orientales, andalouses et marocaines, notamment la c\u00e9l\u00e8bre chanson \u00abNidae Al Hassan\u00bb du compositeur Abdellah Issami. Et ce n\u2019est pas tout. Le festival a rendu un hommage au \u00abkanunji\u00bb de l\u2019orchestre royal dans les ann\u00e9es soixante, Abdelwahab El Wachiri. Par l\u2019occasion, cette \u00e9dition, \u00e9galement organis\u00e9e \u00e0 la salle Bahnini, qui a abrit\u00e9 pour la premi\u00e8re fois ce festival, et \u00e0<span class=\"Apple-converted-space\">\u00a0<\/span> la Biblioth\u00e8que nationale du Royaume, a \u00e9t\u00e9 marqu\u00e9e aussi par des spectacles professionnels anim\u00e9s par les jeunes Hiba Mekkaoui et Salma El Yazidi.<\/span><\/p>\n<p class=\"p1\"><span class=\"s1\"><strong>Quid du budget du festival?<\/strong><\/span><\/p>\n<p class=\"p1\"><span class=\"s1\">Nous l\u2019avons demand\u00e9 au minist\u00e8re de la culture au mois de mai dernier. Mais ce budget \u00e9tait insuffisant. C\u2019est pourquoi nous avons organis\u00e9 l\u2019\u00e9v\u00e9nement en partenariat avec l\u2019association Ribat Al Fath pour le d\u00e9veloppement durable. Pour rappel, c\u2019est par amour et gr\u00e2ce au travail s\u00e9rieux que nous tenons ce<span class=\"Apple-converted-space\">\u00a0<\/span> festival dont les deux premi\u00e8res \u00e9ditions \u00e9taient nationales avant de devenir un \u00e9v\u00e9nement international.<span class=\"Apple-converted-space\">\u00a0 \u00a0<\/span><\/span><\/p>\n<p class=\"p1\"><span class=\"s1\"><strong>Rares sont les personnes qui apprennent \u00e0 jouer le kanun. Auriez-vous des projets dans ce sens ?<\/strong><\/span><\/p>\n<p class=\"p1\"><span class=\"s1\">Je veux bien cr\u00e9er des ateliers de kanun dans toutes les villes du Maroc, organiser un concours national et international du kanun. En tant que professeur d\u2019\u00e9ducation musicale et \u00abkanunji\u00bb qui a une formation p\u00e9dagogique, je ne cherche pas \u00e0 \u00eatre un virtuose assez c\u00e9l\u00e8bre dans le monde. Mon objectif est d\u2019enseigner cet instrument aux apprentis, qu\u2019ils soient enfants, jeunes ou adultes.<\/span><\/p>\n<p>Auteur: Salima Guisser<br \/>\n<a href=\"http:\/\/aujourdhui.ma\/culture\/musique\/abdennasser-mekkaoui-laffluence-au-4e-festival-international-du-kanun-a-depasse-les-attentes\">Cliquez ici pour lire l&rsquo;article depuis sa source.<\/a><\/p>\n","protected":false},"excerpt":{"rendered":"<p>Entretien avec Abdennasser Mekkaoui, pr\u00e9sident de l\u2019association Afnan pour la culture et les arts En partenariat avec l\u2019association Ribat Al Fath pour le d\u00e9veloppement durable, le 4\u00e8me Festival international du kanun s\u2019est r\u00e9cemment tenu \u00e0 Rabat \u00e0 l\u2019initiative de l\u2019association Afnan pour la culture et les arts. Le pr\u00e9sident de cette structure, Abdennasser Mekkaoui, dresse [&hellip;]<\/p>\n","protected":false},"author":1759,"featured_media":0,"comment_status":"closed","ping_status":"closed","sticky":false,"template":"","format":"standard","meta":{"fifu_image_url":"","fifu_image_alt":"","footnotes":""},"categories":[73,54],"tags":[],"class_list":["post-68835","post","type-post","status-publish","format-standard","hentry","category-actualite","category-maroc"],"_links":{"self":[{"href":"https:\/\/linitiative.ca\/International\/wp-json\/wp\/v2\/posts\/68835","targetHints":{"allow":["GET"]}}],"collection":[{"href":"https:\/\/linitiative.ca\/International\/wp-json\/wp\/v2\/posts"}],"about":[{"href":"https:\/\/linitiative.ca\/International\/wp-json\/wp\/v2\/types\/post"}],"author":[{"embeddable":true,"href":"https:\/\/linitiative.ca\/International\/wp-json\/wp\/v2\/users\/1759"}],"replies":[{"embeddable":true,"href":"https:\/\/linitiative.ca\/International\/wp-json\/wp\/v2\/comments?post=68835"}],"version-history":[{"count":0,"href":"https:\/\/linitiative.ca\/International\/wp-json\/wp\/v2\/posts\/68835\/revisions"}],"wp:attachment":[{"href":"https:\/\/linitiative.ca\/International\/wp-json\/wp\/v2\/media?parent=68835"}],"wp:term":[{"taxonomy":"category","embeddable":true,"href":"https:\/\/linitiative.ca\/International\/wp-json\/wp\/v2\/categories?post=68835"},{"taxonomy":"post_tag","embeddable":true,"href":"https:\/\/linitiative.ca\/International\/wp-json\/wp\/v2\/tags?post=68835"}],"curies":[{"name":"wp","href":"https:\/\/api.w.org\/{rel}","templated":true}]}}