{"id":68837,"date":"2019-11-29T06:07:54","date_gmt":"2019-11-29T11:07:54","guid":{"rendered":"https:\/\/linitiative.ca\/International\/un-proces-des-plus-bizarroides\/"},"modified":"2019-11-29T06:07:54","modified_gmt":"2019-11-29T11:07:54","slug":"un-proces-des-plus-bizarroides","status":"publish","type":"post","link":"https:\/\/linitiative.ca\/International\/un-proces-des-plus-bizarroides\/","title":{"rendered":"Un proc\u00e8s des plus bizarro\u00efdes!"},"content":{"rendered":"<p class=\"has-text-color has-vivid-cyan-blue-color\"><strong>Un parterre d\u2019acteurs politiques, de droits de l\u2019homme, de la soci\u00e9t\u00e9 civile a exprim\u00e9 leur solidarit\u00e9 au journaliste Mohamed El Ghazi, mercredi dernier, devant le si\u00e8ge de la cour de premi\u00e8re instance d\u2019Agadir.<\/strong><\/p>\n<p>Plus de quatre, cette poursuite judiciaire met le confr\u00e8re El Ghazi dont le proc\u00e8s s\u2019av\u00e8re, \u00e0 voir sa nature, pour le moins qu\u2019on puisse dire, bizarro\u00efde. En effet, notre coll\u00e8gue est poursuivi, selon la requ\u00eate du plaignant, de diffamation, alors qu\u2019il s\u2019agit d\u2019un article \u00a0paru dans un site \u00e9lectronique qui n\u2019a rien \u00e0 voir avec notre confr\u00e8re.<\/p>\n<p>D\u2019autant plus que l\u2019article en question est sign\u00e9 par une autre personne qui porte le nom de Ghazi Mohamed. Une confusion lamentable qui continue \u00e0 embourber notre confr\u00e8re dans le marais de la poursuite arbitraire.<\/p>\n<p>Jusqu\u2019\u00e0 pr\u00e9sent, la justice ne veut rien savoir, alors qu\u2019il suffit de soumettre cet amalgame \u00e0 l\u2019investigation aupr\u00e8s du site pr\u00e9cit\u00e9 et du r\u00e9el journaliste ayant port\u00e9 pr\u00e9sument pr\u00e9judice au plaignant. On croit bien savoir que les p\u00e9rip\u00e9ties de ce proc\u00e8s paraissent assez \u00abscabreuses\u00bb pour lever toute \u00e9quivoque et mettre un terme \u00e0 ses zones d\u2019ombre.<\/p>\n<p>D\u2019autant que le plaignant n\u2019est autre qu\u2019un homme d\u2019affaires connu dans la r\u00e9gion. Notre confr\u00e8re a beau dire qu\u2019il est question d\u2019une confusion de noms et que son accusation rel\u00e8ve de l\u2019absurde, alors que l\u2019affaire est claire comme l\u2019eau de roche.<\/p>\n<p>Tout en esp\u00e9rant qu\u2019enfin la justice se rendra \u00e0 l\u2019\u00e9vidence, on exprime \u00e0 notre confr\u00e8re nos marques de solidarit\u00e9 pour qu\u2019il puisse sortir de cette sombre et louche \u00e9preuve.<\/p>\n<p class=\"c2\"><strong>Saoudi El Amalki<\/strong><\/p>\n<p>Auteur: M&rsquo;hammed rahal<br \/>\n<a href=\"http:\/\/albayane.press.ma\/un-proces-des-plus-bizarroides.html\">Cliquez ici pour lire l&rsquo;article depuis sa source.<\/a><\/p>\n","protected":false},"excerpt":{"rendered":"<p>Un parterre d\u2019acteurs politiques, de droits de l\u2019homme, de la soci\u00e9t\u00e9 civile a exprim\u00e9 leur solidarit\u00e9 au journaliste Mohamed El Ghazi, mercredi dernier, devant le si\u00e8ge de la cour de premi\u00e8re instance d\u2019Agadir. Plus de quatre, cette poursuite judiciaire met le confr\u00e8re El Ghazi dont le proc\u00e8s s\u2019av\u00e8re, \u00e0 voir sa nature, pour le moins [&hellip;]<\/p>\n","protected":false},"author":1760,"featured_media":0,"comment_status":"closed","ping_status":"closed","sticky":false,"template":"","format":"standard","meta":{"fifu_image_url":"","fifu_image_alt":"","footnotes":""},"categories":[73,54],"tags":[],"class_list":["post-68837","post","type-post","status-publish","format-standard","hentry","category-actualite","category-maroc"],"_links":{"self":[{"href":"https:\/\/linitiative.ca\/International\/wp-json\/wp\/v2\/posts\/68837","targetHints":{"allow":["GET"]}}],"collection":[{"href":"https:\/\/linitiative.ca\/International\/wp-json\/wp\/v2\/posts"}],"about":[{"href":"https:\/\/linitiative.ca\/International\/wp-json\/wp\/v2\/types\/post"}],"author":[{"embeddable":true,"href":"https:\/\/linitiative.ca\/International\/wp-json\/wp\/v2\/users\/1760"}],"replies":[{"embeddable":true,"href":"https:\/\/linitiative.ca\/International\/wp-json\/wp\/v2\/comments?post=68837"}],"version-history":[{"count":0,"href":"https:\/\/linitiative.ca\/International\/wp-json\/wp\/v2\/posts\/68837\/revisions"}],"wp:attachment":[{"href":"https:\/\/linitiative.ca\/International\/wp-json\/wp\/v2\/media?parent=68837"}],"wp:term":[{"taxonomy":"category","embeddable":true,"href":"https:\/\/linitiative.ca\/International\/wp-json\/wp\/v2\/categories?post=68837"},{"taxonomy":"post_tag","embeddable":true,"href":"https:\/\/linitiative.ca\/International\/wp-json\/wp\/v2\/tags?post=68837"}],"curies":[{"name":"wp","href":"https:\/\/api.w.org\/{rel}","templated":true}]}}