{"id":68838,"date":"2019-11-29T06:12:17","date_gmt":"2019-11-29T11:12:17","guid":{"rendered":"https:\/\/linitiative.ca\/International\/grogne-des-parents-deleves-contre-la-hausse-excessive-des-frais-de-scolarite\/"},"modified":"2019-11-29T06:12:17","modified_gmt":"2019-11-29T11:12:17","slug":"grogne-des-parents-deleves-contre-la-hausse-excessive-des-frais-de-scolarite","status":"publish","type":"post","link":"https:\/\/linitiative.ca\/International\/grogne-des-parents-deleves-contre-la-hausse-excessive-des-frais-de-scolarite\/","title":{"rendered":"Grogne des parents d\u2019\u00e9l\u00e8ves contre la hausse excessive des frais de scolarit\u00e9"},"content":{"rendered":"<p class=\"has-text-color has-vivid-cyan-blue-color c2\"><strong><em>Les parents d\u2019\u00e9l\u00e8ves des \u00e9tablissements de la mission fran\u00e7aise au Maroc tirent la sonnette d\u2019alarme. Les augmentations scandaleuses et injustifi\u00e9es des frais de scolarit\u00e9 d\u00e9cid\u00e9es de mani\u00e8re unilat\u00e9rale par l\u2019Agence de l\u2019Enseignement fran\u00e7ais \u00e0 l\u2019Etranger (l\u2019AEFE) suscitent la col\u00e8re des\u00a0 associations des parents d\u2019\u00e9l\u00e8ves.<\/em><\/strong><\/p>\n<p>Un mouvement de protestation est pr\u00e9vu dans les jours qui viennent. Un premier sit-in a \u00e9t\u00e9 organis\u00e9, mardi, devant le Lyc\u00e9e Lyautey par l\u2019Union des Conseils de Parents d\u2019El\u00e8ves (UCPE) et d\u2019autres associations repr\u00e9sentatives des parents d\u2019\u00e9l\u00e8ves pour d\u00e9noncer ce climat de frustration qui prend place au sein des \u00e9tablissements de l\u2019enseignement fran\u00e7ais au Maroc. Cette premi\u00e8re mobilisation a d\u2019ailleurs co\u00efncid\u00e9 avec la tenue de la r\u00e9union du Conseil d\u2019Administration de l\u2019AEFE le 26 courant \u00e0 Paris.<\/p>\n<p>Les parents d\u2019\u00e9l\u00e8ves des\u00a0 \u00e9coles fran\u00e7aises au Maroc (primaire, coll\u00e8ge, lyc\u00e9e) sont \u00e0 nouveau pris en otage. Le plan de d\u00e9veloppement de l\u2019enseignement fran\u00e7ais \u00e0 l\u2019\u00e9tranger s\u2019av\u00e8re tr\u00e8s couteux pour les parents. Le Maroc est tr\u00e8s concern\u00e9 par cette d\u00e9cision prise de mani\u00e8re unilat\u00e9rale et sans concertation pr\u00e9alable ni avec les parents qui sont les premiers contribuables financiers ni avec les associations repr\u00e9sentatives des parents d\u2019\u00e9l\u00e8ves si\u00e9geant au sein de l\u2019AEFE.<\/p>\n<p>L\u2019UCPE (l\u2019Union des Conseils de Parents d\u2019El\u00e8ves), association la plus repr\u00e9sentative et qui si\u00e8ge au sein de l\u2019Agence AEFE, d\u00e9nonce ce climat de frustration qui s\u2019installe depuis quelque temps. Dans un communiqu\u00e9, l\u2019UCPE indique que le Maroc est tr\u00e8s touch\u00e9 par ces hausses excessives. \u00abOn annonce pour la rentr\u00e9e scolaire prochaine (2020\/2021) une augmentation prohibitive des frais de scolarit\u00e9 diff\u00e9renci\u00e9e d\u2019une r\u00e9gion \u00e0 l\u2019autre bas\u00e9e sur le taux d\u2019inflation national et sur le co\u00fbt de l\u2019investissement immobilier propre \u00e0 chaque \u00e9tablissement. Sur le p\u00f4le Casa-Rabat, la hausse s\u2019\u00e9l\u00e8ve \u00e0 pr\u00e8s de 2700 dirhams par enfant et par an. Le montant varie selon les r\u00e9gions avec un minimum de hausse de pas moins de 1200 dirhams dans certaines villes du royaume.<\/p>\n<p>Le communiqu\u00e9 de l\u2019UCPE regrette le d\u00e9calage entre la d\u00e9claration d\u2019intention et les faits. On rappelle d\u2019ailleurs, les objectifs du plan de d\u00e9veloppement de l\u2019enseignement fran\u00e7ais \u00e0 l\u2019\u00e9tranger. Il s\u2019agit d\u2019accueillir un nombre plus important d\u2019\u00e9l\u00e8ves et d\u2019accompagner la croissance des \u00e9tablissements existant et la cr\u00e9ation de nouvelles \u00e9coles. Le plan vise aussi \u00e0 mieux associer les familles \u00e0 la vie des \u00e9tablissements\u00a0et \u00e0 mieux accompagner le r\u00e9seau gr\u00e2ce \u00e0 une mobilisation accrue des ambassades.<\/p>\n<p>L\u2019UCPE annonce ainsi plusieurs actions en signe de protestation contre les d\u00e9cisions de l\u2019AEFE. Apr\u00e8s le premier sit-in, l\u2019UCPE tiendra plusieurs actions pour d\u00e9noncer cet \u00e9tat des lieux. Une conf\u00e9rence de presse s\u2019est tenue hier matin au si\u00e8ge de la f\u00e9d\u00e9ration de parents d\u2019\u00e9l\u00e8ves UCPE\/Fcpe.<\/p>\n<p class=\"c2\"><strong>Fairouz El Mouden<\/strong><\/p>\n<p>Auteur: M&rsquo;hammed rahal<br \/>\n<a href=\"http:\/\/albayane.press.ma\/grogne-des-parents-deleves-contre-la-hausse-excessive-des-frais-de-scolarite.html\">Cliquez ici pour lire l&rsquo;article depuis sa source.<\/a><\/p>\n","protected":false},"excerpt":{"rendered":"<p>Les parents d\u2019\u00e9l\u00e8ves des \u00e9tablissements de la mission fran\u00e7aise au Maroc tirent la sonnette d\u2019alarme. Les augmentations scandaleuses et injustifi\u00e9es des frais de scolarit\u00e9 d\u00e9cid\u00e9es de mani\u00e8re unilat\u00e9rale par l\u2019Agence de l\u2019Enseignement fran\u00e7ais \u00e0 l\u2019Etranger (l\u2019AEFE) suscitent la col\u00e8re des\u00a0 associations des parents d\u2019\u00e9l\u00e8ves. Un mouvement de protestation est pr\u00e9vu dans les jours qui viennent. [&hellip;]<\/p>\n","protected":false},"author":1760,"featured_media":0,"comment_status":"closed","ping_status":"closed","sticky":false,"template":"","format":"standard","meta":{"fifu_image_url":"","fifu_image_alt":"","footnotes":""},"categories":[73,54],"tags":[],"class_list":["post-68838","post","type-post","status-publish","format-standard","hentry","category-actualite","category-maroc"],"_links":{"self":[{"href":"https:\/\/linitiative.ca\/International\/wp-json\/wp\/v2\/posts\/68838","targetHints":{"allow":["GET"]}}],"collection":[{"href":"https:\/\/linitiative.ca\/International\/wp-json\/wp\/v2\/posts"}],"about":[{"href":"https:\/\/linitiative.ca\/International\/wp-json\/wp\/v2\/types\/post"}],"author":[{"embeddable":true,"href":"https:\/\/linitiative.ca\/International\/wp-json\/wp\/v2\/users\/1760"}],"replies":[{"embeddable":true,"href":"https:\/\/linitiative.ca\/International\/wp-json\/wp\/v2\/comments?post=68838"}],"version-history":[{"count":0,"href":"https:\/\/linitiative.ca\/International\/wp-json\/wp\/v2\/posts\/68838\/revisions"}],"wp:attachment":[{"href":"https:\/\/linitiative.ca\/International\/wp-json\/wp\/v2\/media?parent=68838"}],"wp:term":[{"taxonomy":"category","embeddable":true,"href":"https:\/\/linitiative.ca\/International\/wp-json\/wp\/v2\/categories?post=68838"},{"taxonomy":"post_tag","embeddable":true,"href":"https:\/\/linitiative.ca\/International\/wp-json\/wp\/v2\/tags?post=68838"}],"curies":[{"name":"wp","href":"https:\/\/api.w.org\/{rel}","templated":true}]}}