{"id":68847,"date":"2019-11-28T16:32:00","date_gmt":"2019-11-28T21:32:00","guid":{"rendered":"https:\/\/linitiative.ca\/International\/atelier-de-formation-sur-la-pratique-en-matiere-des-dh\/"},"modified":"2019-11-28T16:32:00","modified_gmt":"2019-11-28T21:32:00","slug":"atelier-de-formation-sur-la-pratique-en-matiere-des-dh","status":"publish","type":"post","link":"https:\/\/linitiative.ca\/International\/atelier-de-formation-sur-la-pratique-en-matiere-des-dh\/","title":{"rendered":"Atelier de formation sur la pratique en mati\u00e8re des DH"},"content":{"rendered":"<div class=\"single-featured\"><img alt=\"\" data-src=\"http:\/\/www.mapmarrakech.ma\/map\/uploads\/2019\/11\/atelierDH-copier-750x430.jpg\"\/><\/div>\n<div class=\"single-post-excerpt post-excerpt-bc\" readability=\"36\">\n<p>Marrakech \u2013 Un atelier de formation sur la pratique conventionnelle au Maroc en mati\u00e8re des droits de l\u2019Homme a \u00e9t\u00e9 organis\u00e9, jeudi \u00e0 Marrakech, \u00e0 l\u2019initiative du minist\u00e8re d\u2019Etat charg\u00e9 des Droits de l\u2019Homme et des Relations avec le Parlement.<\/p>\n<\/div>\n<div class=\"entry-content clearfix single-post-content\" readability=\"51\">\n<p>Cet atelier, initi\u00e9 en partenariat avec le Conseil r\u00e9gional de Marrakech-Safi, conna\u00eet la participation des membres du r\u00e9seau national pour la mise en oeuvre du plan d\u2019action national en mati\u00e8re de d\u00e9mocratie et des droits de l\u2019Homme (PANDDH), des repr\u00e9sentants des conseils r\u00e9gionaux, des \u00e9lus et des fonctionnaires territoriaux.<\/p>\n<p>Cette rencontre de deux jours permettra aux membres du r\u00e9seau de s\u2019informer du droit international des droits de l\u2019Homme et du caract\u00e8re contraignant des normes internationales des droits de l\u2019Homme, ainsi que des m\u00e9canismes de suivi pour la mise en \u0153uvre des obligations internationales, outre le niveau d\u2019intervention des unit\u00e9s d\u00e9centralis\u00e9es dans la mise en \u0153uvre des obligations du Royaume dans le domaine conventionnel des droits de l\u2019Homme.<\/p>\n<p>Cet atelier s\u2019inscrit dans le cadre de la mise en \u0153uvre des dispositions du PANDDH, de la consolidation de la conscience autour de l\u2019adh\u00e9sion aux instruments internationaux relatifs aux droits de l\u2019Homme et de l\u2019organisation des formations relatives aux droits humains.<\/p>\n<\/div>\n<p>Auteur: Meriem IGASS<br \/>\n<a href=\"http:\/\/www.mapmarrakech.ma\/fr\/atelier\/\">Cliquez ici pour lire l&rsquo;article depuis sa source.<\/a><\/p>\n","protected":false},"excerpt":{"rendered":"<p>Marrakech \u2013 Un atelier de formation sur la pratique conventionnelle au Maroc en mati\u00e8re des droits de l\u2019Homme a \u00e9t\u00e9 organis\u00e9, jeudi \u00e0 Marrakech, \u00e0 l\u2019initiative du minist\u00e8re d\u2019Etat charg\u00e9 des Droits de l\u2019Homme et des Relations avec le Parlement. Cet atelier, initi\u00e9 en partenariat avec le Conseil r\u00e9gional de Marrakech-Safi, conna\u00eet la participation des [&hellip;]<\/p>\n","protected":false},"author":1788,"featured_media":68848,"comment_status":"closed","ping_status":"closed","sticky":false,"template":"","format":"standard","meta":{"fifu_image_url":"","fifu_image_alt":"","footnotes":""},"categories":[54,76],"tags":[],"class_list":["post-68847","post","type-post","status-publish","format-standard","has-post-thumbnail","hentry","category-maroc","category-regions"],"_links":{"self":[{"href":"https:\/\/linitiative.ca\/International\/wp-json\/wp\/v2\/posts\/68847","targetHints":{"allow":["GET"]}}],"collection":[{"href":"https:\/\/linitiative.ca\/International\/wp-json\/wp\/v2\/posts"}],"about":[{"href":"https:\/\/linitiative.ca\/International\/wp-json\/wp\/v2\/types\/post"}],"author":[{"embeddable":true,"href":"https:\/\/linitiative.ca\/International\/wp-json\/wp\/v2\/users\/1788"}],"replies":[{"embeddable":true,"href":"https:\/\/linitiative.ca\/International\/wp-json\/wp\/v2\/comments?post=68847"}],"version-history":[{"count":0,"href":"https:\/\/linitiative.ca\/International\/wp-json\/wp\/v2\/posts\/68847\/revisions"}],"wp:featuredmedia":[{"embeddable":true,"href":"https:\/\/linitiative.ca\/International\/wp-json\/"}],"wp:attachment":[{"href":"https:\/\/linitiative.ca\/International\/wp-json\/wp\/v2\/media?parent=68847"}],"wp:term":[{"taxonomy":"category","embeddable":true,"href":"https:\/\/linitiative.ca\/International\/wp-json\/wp\/v2\/categories?post=68847"},{"taxonomy":"post_tag","embeddable":true,"href":"https:\/\/linitiative.ca\/International\/wp-json\/wp\/v2\/tags?post=68847"}],"curies":[{"name":"wp","href":"https:\/\/api.w.org\/{rel}","templated":true}]}}