{"id":68849,"date":"2019-11-29T03:54:23","date_gmt":"2019-11-29T08:54:23","guid":{"rendered":"https:\/\/linitiative.ca\/International\/marrakech-a-lheure-des-9e-rencontres-et-musiques-soufies\/"},"modified":"2019-11-29T03:54:23","modified_gmt":"2019-11-29T08:54:23","slug":"marrakech-a-lheure-des-9e-rencontres-et-musiques-soufies","status":"publish","type":"post","link":"https:\/\/linitiative.ca\/International\/marrakech-a-lheure-des-9e-rencontres-et-musiques-soufies\/","title":{"rendered":"Marrakech \u00e0 l\u2019heure des 9\u00e8 Rencontres et Musiques Soufies"},"content":{"rendered":"<div readability=\"39\">\n<p>Marrakech \u2013 La 9\u00e8me \u00e9dition des Rencontres et Musiques Soufies \u00ab\u00a0Samaa Marrakech\u00a0\u00bb s\u2019est ouverte, jeudi soir, au somptueux Mus\u00e9e Mohammed VI pour la civilisation de l\u2019eau au Maroc (AMAN), en pr\u00e9sence d\u2019un public nombreux, compos\u00e9 notamment de personnalit\u00e9s issues de diff\u00e9rents horizons et de passionn\u00e9s et m\u00e9lomanes venus se ressourcer et s\u2019impr\u00e9gner de ces chants mystiques et sacr\u00e9s.<\/p>\n<\/div>\n<div readability=\"177\">\n<p>Organis\u00e9e \u00e0 l\u2019initiative de l\u2019Association \u00ab\u00a0Al-Muniya\u00a0\u00bb de Marrakech jusqu\u2019au 1er d\u00e9cembre prochain, cette \u00e9dition, plac\u00e9e sous le th\u00e8me \u00ab\u00a0Par le Samaa se r\u00e9v\u00e8le la libert\u00e9 de l\u2019\u00eatre et s\u2019accomplit l\u2019humanit\u00e9 de l\u2019Homme\u00a0\u00bb, s\u2019articule autour des valeurs \u00e9thiques de la tradition spirituelle et son horizon universel.<\/p>\n<p>\u00ab\u00a0Samaa Marrakech\u00a0\u00bb se veut ainsi un espace et un \u00e9v\u00e9nement artistique et culturel privil\u00e9gi\u00e9 destin\u00e9 \u00e0 mettre en valeur l\u2019identit\u00e9 et les traditions culturelles et spirituelles du Royaume, \u00e0 faire de la cit\u00e9 ocre un haut lieu de m\u00e9ditation culturelle, \u00e0 r\u00e9pondre \u00e0 un besoin de spiritualit\u00e9 et \u00e0 r\u00e9v\u00e9ler les sagesses et les enseignements des grands ma\u00eetres soufis \u00e0 travers l\u2019Histoire.<\/p>\n<p>A l\u2019instar des pr\u00e9c\u00e9dentes \u00e9ditions, la 9\u00e8me \u00ab\u00a0Mawsimiya\u00a0\u00bb de \u00ab\u00a0Samaa Marrakech\u00a0\u00bb investira, outre le Mus\u00e9e Mohammed VI pour la civilisation de l\u2019eau, plusieurs autres lieux embl\u00e9matiques de la ville, notamment le Pavillon de la Menara, le Palais Souleimane (Dar Al-Ayyadi) et les mausol\u00e9es des \u00ab\u00a0Sabaatu Rijal\u00a0\u00bb (Sept Saints).<\/p>\n<p>Elle proposera aux habitants de Marrakech et \u00e0 ses h\u00f4tes un programme \u00e9clectique tr\u00e8s vari\u00e9 se d\u00e9clinant entre conf\u00e9rences, musique spirituelle, concerts, conf\u00e9rences-d\u00e9bats et c\u00e9nacles, le tout dans un esprit chaleureux et de convivialit\u00e9, qui met \u00e0 l\u2019honneur les voies d\u2019ouverture, du juste milieu et d\u2019amour dans la culture traditionnelle marocaine.<\/p>\n<p>Cet h\u00e9ritage vivant offrira donc une occasion providentielle de m\u00e9ditation et permettra de faire d\u00e9couvrir cette attitude contemplative et soucieuse de la dignit\u00e9 de l\u2019Homme que permettent l\u2019\u00e9motion musicale et le raccourci po\u00e9tique.<\/p>\n<p>Dans une d\u00e9claration \u00e0 la MAP \u00e0 cette occasion, le Directeur de \u00ab\u00a0Samaa Marrakech\u00a0\u00bb, M. Jaafar Kansoussi, a indiqu\u00e9 que cette manifestation se veut un \u00e9v\u00e9nement \u00e9clectique d\u00e9di\u00e9 aux rencontres spirituelles et soufies et \u00e0 la musique qui constitue l\u2019une des principales manifestations de ce patrimoine soufi authentique.<\/p>\n<p>Dans ce sens, M. Kansoussi a soulign\u00e9 que le Maroc jouit d\u2019un immense h\u00e9ritage en la mati\u00e8re qui date de pr\u00e8s de 1000 ans.<\/p>\n<p>Il a, en outre, fait savoir que cette \u00e9dition conna\u00eet la participation de grandes figures de la musique andalouse et gharnatie, \u00e0 l\u2019instar de Haj Mohamed Bajeddoub, Haj Ahmed Pirou et Ahmed Chiki, pr\u00e9cisant que cet \u00e9v\u00e9nement sera ponctu\u00e9 \u00e9galement par l\u2019organisation d\u2019un colloque scientifique portant sur la valorisation du patrimoine mill\u00e9naire de la m\u00e9dina de Marrakech.<\/p>\n<p>M. Kansoussi a, dans ce cadre, not\u00e9 que ce conclave sera marqu\u00e9 par la participation d\u2019un parterre de responsables et d\u2019experts nationaux et \u00e9trangers qui vont d\u00e9battre de la valorisation du patrimoine mat\u00e9riel et immat\u00e9riel \u00e0 l\u2019int\u00e9rieur des remparts de cette ville imp\u00e9riale, faisant remarquer que la m\u00e9dina n\u2019a pas connu autant de travaux, de projets et d\u2019interventions avec une telle cadence et une telle ampleur comme ceux men\u00e9s actuellement.<\/p>\n<p>Ce colloque se veut aussi une occasion pour associer les acteurs de la soci\u00e9t\u00e9 civile \u00e0 la dynamique enclench\u00e9e par ces op\u00e9rations d\u2019envergure et accompagner la mise en \u0153uvre de ces grands projets Royaux, a-t-il dit.<\/p>\n<p>Cette soir\u00e9e inaugurale, rehauss\u00e9e par la pr\u00e9sence du Wali de la r\u00e9gion de Marrakech-Safi, gouverneur de la pr\u00e9fecture de Marrakech, Karim-Kassi Lahlou, a \u00e9t\u00e9 agr\u00e9ment\u00e9e par deux s\u00e9ances exceptionnelles de Samaa: La premi\u00e8re anim\u00e9e par l\u2019ensemble \u00ab\u00a0Roh Tarab\u00a0\u00bb de Marrakech sous la direction de Moulay Hicham Telmoudi avec la participation notamment de l\u2019artiste Mohammed Zayat, alors que la seconde s\u00e9ance a \u00e9t\u00e9 illumin\u00e9e par la magnifique prestation de l\u2019ensemble de la Zaouia Charqaouia d\u2019Aboujaad pour le Madih, sous la direction du Cheikh Mohamed Al-Ghourfi.<\/p>\n<p>D\u2019autres soir\u00e9es artistiques sont \u00e9galement pr\u00e9vues dans le cadre de ce festival et seront anim\u00e9es, entre autres, par l\u2019ensemble andalous de l\u2019association \u00ab\u00a0Al-Muniya\u00a0\u00bb de Marrakech sous la direction de Karim Aitbrik avec la participation du grand ma\u00eetre Haj Mohamed Bajeddoub et la talentueuse chanteuse Bahae Ronda, l\u2019orchestre andalous du conservatoire de la ville de Safi sous la direction de Chawqi El Ouazzani, l\u2019Association des arts du Madih et du Samaa de la ville de Taza sous la direction de Hamid Slimani, la troupe \u00ab\u00a0Dalail Al Khayrate\u00a0\u00bb de Marrakech, l\u2019ensemble des \u00ab\u00a0Uchaq Al Madih\u00a0\u00bb de Marrakech et la Troupe Deqqa Marrakchiya.<\/p>\n<p>La 9\u00e8me \u00e9dition de \u00ab\u00a0Samaa Marrakech\u00a0\u00bb rendra, en outre, un vibrant hommage \u00e0 l\u2019ic\u00f4ne et l\u2019une des figures les plus embl\u00e9matiques du Tarab Gharnati, Haj Ahmed Pirou, et au grand musicien et luthiste, ma\u00eetre Ahmed Chiki.<\/p>\n<p>Figure \u00e9galement au programme de cet \u00e9v\u00e9nement d\u2019envergure, un colloque sous le th\u00e8me \u00ab\u00a0Valorisation du patrimoine de la m\u00e9dina de Marrakech : Pour quelle vision ?\u00a0\u00bb, qui permettra de reconduire le d\u00e9bat sur le b\u00e2ti traditionnel de la M\u00e9dina de la cit\u00e9 ocre et sur les enjeux majeurs que repr\u00e9sente sa valorisation.<\/p>\n<p>Ce conclave conna\u00eetra la participation d\u2019un ar\u00e9opage d\u2019experts nationaux et internationaux (Maroc, France, Espagne et Italie) sp\u00e9cialistes de la d\u00e9marche scientifique dans la conservation du patrimoine, ainsi que des repr\u00e9sentants du R\u00e9seau national d\u2019associations de conservation et de valorisation du patrimoine (Casa-m\u00e9moire, Rabat-Sal\u00e9-m\u00e9moire, Doukkala-m\u00e9moire, Tettaoun-Asmir, Tanger-Al Boughaz\u2026).<\/p>\n<p>A la faveur de la r\u00e9flexion, des propositions et de la m\u00e9thode scientifique, le comit\u00e9 d\u2019organisation voudrait, par ces d\u00e9bats et \u00e9changes entre experts, accompagner les grands projets Royaux \u00e0 dimension historique qui sont en cours actuellement \u00e0 l\u2019int\u00e9rieur des remparts.<\/p>\n<p>Au menu figure aussi une visite aux mausol\u00e9es des \u00ab\u00a0Sabaatou Rijal\u00a0\u00bb, ainsi qu\u2019un c\u00e9nacle litt\u00e9raire \u00ab\u00a0Nafh Al Ttib: le parfum exhal\u00e9 de la litt\u00e9rature\u00a0\u00bb qui sera ponctu\u00e9 par la pr\u00e9sentation du livre \u00ab\u00a0al-Tassalli\u00a0\u00bb du grand lettr\u00e9 Mohamed Ghujdami.<\/p>\n<p>Cr\u00e9\u00e9e en 2006, l\u2019Association \u00ab\u00a0Al-Muniya\u00a0\u00bb de Marrakech a pour vocation notamment d\u2019apporter une meilleure compr\u00e9hension des patrimoines des m\u00e9dinas et de pr\u00e9server et revivifier le patrimoine spirituel, musical, architectural, artisanal et urbanistique.<\/p>\n<\/div>\n<p>Auteur: Meriem IGASS<br \/>\n<a href=\"http:\/\/www.mapmarrakech.ma\/fr\/samaa\/\">Cliquez ici pour lire l&rsquo;article depuis sa source.<\/a><\/p>\n","protected":false},"excerpt":{"rendered":"<p>Marrakech \u2013 La 9\u00e8me \u00e9dition des Rencontres et Musiques Soufies \u00ab\u00a0Samaa Marrakech\u00a0\u00bb s\u2019est ouverte, jeudi soir, au somptueux Mus\u00e9e Mohammed VI pour la civilisation de l\u2019eau au Maroc (AMAN), en pr\u00e9sence d\u2019un public nombreux, compos\u00e9 notamment de personnalit\u00e9s issues de diff\u00e9rents horizons et de passionn\u00e9s et m\u00e9lomanes venus se ressourcer et s\u2019impr\u00e9gner de ces chants [&hellip;]<\/p>\n","protected":false},"author":1788,"featured_media":0,"comment_status":"closed","ping_status":"closed","sticky":false,"template":"","format":"standard","meta":{"fifu_image_url":"","fifu_image_alt":"","footnotes":""},"categories":[54,76],"tags":[],"class_list":["post-68849","post","type-post","status-publish","format-standard","hentry","category-maroc","category-regions"],"_links":{"self":[{"href":"https:\/\/linitiative.ca\/International\/wp-json\/wp\/v2\/posts\/68849","targetHints":{"allow":["GET"]}}],"collection":[{"href":"https:\/\/linitiative.ca\/International\/wp-json\/wp\/v2\/posts"}],"about":[{"href":"https:\/\/linitiative.ca\/International\/wp-json\/wp\/v2\/types\/post"}],"author":[{"embeddable":true,"href":"https:\/\/linitiative.ca\/International\/wp-json\/wp\/v2\/users\/1788"}],"replies":[{"embeddable":true,"href":"https:\/\/linitiative.ca\/International\/wp-json\/wp\/v2\/comments?post=68849"}],"version-history":[{"count":0,"href":"https:\/\/linitiative.ca\/International\/wp-json\/wp\/v2\/posts\/68849\/revisions"}],"wp:attachment":[{"href":"https:\/\/linitiative.ca\/International\/wp-json\/wp\/v2\/media?parent=68849"}],"wp:term":[{"taxonomy":"category","embeddable":true,"href":"https:\/\/linitiative.ca\/International\/wp-json\/wp\/v2\/categories?post=68849"},{"taxonomy":"post_tag","embeddable":true,"href":"https:\/\/linitiative.ca\/International\/wp-json\/wp\/v2\/tags?post=68849"}],"curies":[{"name":"wp","href":"https:\/\/api.w.org\/{rel}","templated":true}]}}