{"id":68850,"date":"2019-11-29T04:16:57","date_gmt":"2019-11-29T09:16:57","guid":{"rendered":"https:\/\/linitiative.ca\/International\/les-relations-ue-afrique-appelees-a-developper-un-partenariat-win-win\/"},"modified":"2019-11-29T04:16:57","modified_gmt":"2019-11-29T09:16:57","slug":"les-relations-ue-afrique-appelees-a-developper-un-partenariat-win-win","status":"publish","type":"post","link":"https:\/\/linitiative.ca\/International\/les-relations-ue-afrique-appelees-a-developper-un-partenariat-win-win\/","title":{"rendered":"Les relations UE-Afrique appel\u00e9es \u00e0 d\u00e9velopper un partenariat win-win"},"content":{"rendered":"<p>L\u2019UE et l\u2019Afrique ont tout int\u00e9r\u00eat \u00e0 red\u00e9finir leur partenariat autant au niveau institutionnel qu\u2019en termes de relations \u00e9conomiques pour \u00e9voluer vers une relation plus \u00e9quilibr\u00e9e, ont-ils convenu d\u2019ajouter lors de cette rencontre organis\u00e9e durant deux jours avec la participation d\u2019influents d\u00e9cideurs politiques et dirigeants d\u2019entreprises africains et europ\u00e9ens ainsi que des experts de renomm\u00e9e.<\/p>\n<p>\u00ab\u00a0Les deux partenaires historiques (l\u2019UE et l\u2019Afrique) s\u2019accordent d\u00e9sormais sur les limites de l\u2019aide au d\u00e9veloppement\u00a0\u00bb, a estim\u00e9 l\u2019ambassadeur de la C\u00f4te d\u2019Ivoire au Maroc, M. Idrissa Traor\u00e9, relevant que l\u2019UE et l\u2019Afrique \u00ab\u00a0sont dans un tournant de leurs relations avec l\u2019\u00e9mergence de d\u00e9fis nouveaux\u00a0\u00bb.<\/p>\n<p>M.Traor\u00e9 a soulign\u00e9 que l\u2019Afrique est appel\u00e9e \u00e0 am\u00e9liorer le climat des affaires pour \u00eatre en mesure de drainer davantage d\u2019investissements \u00e9trangers, qui demeurent l\u2019unique voie pour la r\u00e9duction des taux de ch\u00f4mage \u00e9lev\u00e9s, appelant les investisseurs europ\u00e9ens \u00e0 \u00ab\u00a0faire confiance en l\u2019Afrique et ses \u00e9normes potentialit\u00e9s\u00a0\u00bb.<\/p>\n<p>En mati\u00e8re de lutte contre les changements climatiques, le diplomate ivoirien a soulign\u00e9 que l\u2019Afrique \u00ab\u00a0donne l\u2019exemple m\u00eame si elle n\u2019est pas responsable de ce ph\u00e9nom\u00e8ne mais en est plut\u00f4t une victime\u00a0\u00bb.<\/p>\n<p>Le Ministre-Conseiller sp\u00e9cial du pr\u00e9sident de la R\u00e9publique du Niger, M. Ibrahima Guimba-Saidou, s\u2019est pour sa part, montr\u00e9 confiant en les potentialit\u00e9s du continent, appelant \u00e0 encourager la mobilit\u00e9 des personnes et les \u00e9changes intra-africains des produits, des services et des biens.<\/p>\n<p>M.Guimba-Saidou a en outre, soulign\u00e9 que le d\u00e9veloppement de l\u2019Afrique passera par la cr\u00e9ation de p\u00f4les comp\u00e9titifs pour tirer profit des potentialit\u00e9s de l\u2019Afrique, dont les \u00e9nergies renouvelables dans lequel le Maroc est toujours cit\u00e9 en mod\u00e8le pour les pays africains.<\/p>\n<p>La PDG du cabinet Valyans Consulting, Mme Saadia Slaoui Bennani, a soulign\u00e9 pour sa part, que \u00ab\u00a0la nouvelle alliance Afrique-Europe\u00a0\u00bb est appel\u00e9e \u00e0 articuler les investissements autour de quatre axes : cr\u00e9ation d\u2019emplois, \u00e9ducation, environnement des entreprises, int\u00e9gration \u00e9conomique et \u00e9changes commerciaux, estimant que \u00ab\u00a0le mod\u00e8le qui lie les deux blocs est \u00e0 bout de souffle et il ne permettra pas de faire face aux d\u00e9fis de demain\u00a0\u00bb.<\/p>\n<p>\u00ab\u00a0La conjoncture actuelle est particuli\u00e8rement propice pour red\u00e9finir des relations entre les deux continents\u00a0\u00bb, a-t-elle fait remarquer, indiquant que la nouvelle alliance sera port\u00e9e par le secteur priv\u00e9 car le besoin de financement de ces chantiers doit \u00eatre assur\u00e9 par les march\u00e9s de capitaux et des investissements priv\u00e9s et non-plus reposer uniquement sur de la dette.<\/p>\n<p>\u00ab\u00a0L\u2019enjeu principal du continent africain r\u00e9side dans l\u2019opportunit\u00e9 de mieux s\u2019arrimer \u00e0 la mondialisation et en tirer le meilleur parti pour sa population\u00a0\u00bb, a-t-elle insist\u00e9.<\/p>\n<p>L\u2019Afrique doit int\u00e9grer les chaines de valeur mondiales, en relocalisant au maximum la transformation des richesses naturelles dont elle regorge pour \u00eatre en mesure de capter la part de valeur ajout\u00e9e qui correspond \u00e0 sa r\u00e9elle contribution, a-t-elle ajout\u00e9.<\/p>\n<p>La Pr\u00e9sidente de \u00ab\u00a0Ouganda Agribusiness Alliance\u00a0\u00bb, Mme Victoria Sekitoleko, a abord\u00e9 dans son intervention les solutions \u00e0 m\u00eame de \u00ab\u00a0retenir les jeunes du continent en Afrique\u00a0\u00bb.<\/p>\n<p>Cette ancienne ministre de l\u2019Agriculture (R\u00e9publique d\u2019Ouganda) a propos\u00e9 certaines pistes sur lesquelles l\u2019Afrique doit travailler pour r\u00e9aliser son essor \u00e9conomique et cr\u00e9er de l\u2019emploi pour ces jeunes africains.<\/p>\n<p>Il s\u2019agit, selon elle, de commencer par la formation de cette jeunesse et d\u2019encourager davantage la production et l\u2019exportation vers l\u2019Europe.<\/p>\n<p>La directrice g\u00e9n\u00e9rale adjointe pour la mobilit\u00e9 et l\u2019environnement, Mme Joanna Drake, a estim\u00e9 de son c\u00f4t\u00e9, que l\u2019Afrique a \u00e9t\u00e9 et demeure une priorit\u00e9 pour l\u2019UE, relevant que les deux parties doivent mouvoir vers un partenariat beaucoup plus \u00e9quilibr\u00e9.<\/p>\n<p>Apr\u00e8s avoir soulign\u00e9 que l\u2019Afrique est un continent jeune, dot\u00e9 d\u2019un immense potentiel, mais souffre d\u2019un taux \u00e9lev\u00e9 du ch\u00f4mage des jeunes, elle a soulign\u00e9 que l\u2019UE doit se tourner vers \u00ab\u00a0un investissement intelligent\u00a0\u00bb et am\u00e9liorer son assistance technique pour le continent.<\/p>\n<p>La repr\u00e9sentante R\u00e9sidente au Maroc de la Banque africaine de d\u00e9veloppement (BAD), Mme Leila Farah Mokaddem, a soulign\u00e9 pour sa part, que l\u2019UE et l\u2019Afrique sont appel\u00e9es \u00e0 repenser le mode de financement du d\u00e9veloppement car, selon elle, le continent africain n\u2019a pas besoin d\u2019aide mais d\u2019investissement.<\/p>\n<p>Et de noter que l\u2019Afrique a beaucoup \u00e9volu\u00e9 en termes d\u2019infrastructures, de gouvernance et de climat des affaires, mettant l\u2019accent sur la n\u00e9cessit\u00e9 d\u2019impliquer le secteur priv\u00e9 dans le financement des infrastructures pour all\u00e9ger la pression sur le budget des Etats africains.<\/p>\n<p>Le PDG de Casablanca Finance City (CFC), Said Ibrahimi, a quant \u00e0 lui, not\u00e9 que l\u2019\u00e9conomie africaine est actuellement une \u00e9conomie de distribution et de consommation, appelant \u00e0 encourager l\u2019industrialisation et la production au continent et \u00e0 r\u00e9duire les co\u00fbts logistiques pour r\u00e9aliser l\u2019essor \u00e9conomique.<\/p>\n<p>M.Said Ibrahimi a indiqu\u00e9 que la formation professionnelle demeure \u00ab\u00a0le maillon faible de l\u2019Afrique\u00a0\u00bb, appelant \u00e0 travailler davantage sur l\u2019am\u00e9lioration du climat des affaires en Afrique pour \u00eatre en mesure de drainer davantage des investissements directs \u00e9trangers (IDE).<\/p>\n<p>Et de recommander d\u2019accorder davantage d\u2019attention \u00e0 l\u2019agriculture, qui pourvoient 30 % d\u2019emplois et assurent 60 % de revenus des agriculteurs en Afrique, estimant que ce continent a encore besoin d\u2019aide au d\u00e9veloppement.<\/p>\n<p>L\u2019Europe est le premier partenaire commercial de l\u2019Afrique avec 36 % des \u00e9changes, soit 243,5 milliards d\u2019euros en 2017, loin devant la Chine (16 %) et les \u00c9tats-Unis (6 %).<\/p>\n<p>Sur la m\u00eame ann\u00e9e, le secteur priv\u00e9 europ\u00e9en repr\u00e9sente plus de 40 % des IDE en Afrique, soit 291 milliards d\u2019euros, contre 7% pour les \u00c9tats-Unis et 5% pour la Chine.<\/p>\n<p>L\u2019EU-Africa Business Summit vise \u00e0 promouvoir les relations \u00e9conomiques et commerciales entre les deux continents.<\/p>\n<p>Pendant deux jours, la 2\u00e8me \u00e9dition du Sommet accueillera d\u2019influents d\u00e9cideurs politiques et dirigeants d\u2019entreprises africains et europ\u00e9ens ainsi que des experts de renomm\u00e9e.<\/p>\n<p>Tout au long du Sommet, plus de 300 participants se r\u00e9unissent pour discuter et d\u00e9battre des opportunit\u00e9s d\u2019investissements et de la mise en place de partenariats durables entre l\u2019Afrique et l\u2019Europe.<\/p>\n<p>Dans cette optique, cette seconde \u00e9dition sera principalement consacr\u00e9e \u00e0 l\u2019industrialisation et au d\u00e9veloppement des chaines de valeurs, au d\u00e9veloppement rural et \u00e0 l\u2019agriculture, aux challenges de la digitalisation ainsi qu\u2019aux opportunit\u00e9s d\u2019investissement dans les \u00e9nergies renouvelables.<\/p>\n<p>L\u2019European Business Summit (EBS) est une organisation de renomm\u00e9e bas\u00e9e \u00e0 Bruxelles depuis 20 ans. Ses \u00e9v\u00e9nements rassemblent des dirigeants d\u2019entreprises et des d\u00e9cideurs politiques influents ainsi que des membres de la soci\u00e9t\u00e9 civile afin de souligner le r\u00f4le du secteur priv\u00e9 en Europe et dans le monde.<\/p>\n<p>Auteur: Meriem IGASS<br \/>\n<a href=\"http:\/\/www.mapmarrakech.ma\/fr\/relations\/\">Cliquez ici pour lire l&rsquo;article depuis sa source.<\/a><\/p>\n","protected":false},"excerpt":{"rendered":"<p>L\u2019UE et l\u2019Afrique ont tout int\u00e9r\u00eat \u00e0 red\u00e9finir leur partenariat autant au niveau institutionnel qu\u2019en termes de relations \u00e9conomiques pour \u00e9voluer vers une relation plus \u00e9quilibr\u00e9e, ont-ils convenu d\u2019ajouter lors de cette rencontre organis\u00e9e durant deux jours avec la participation d\u2019influents d\u00e9cideurs politiques et dirigeants d\u2019entreprises africains et europ\u00e9ens ainsi que des experts de renomm\u00e9e. [&hellip;]<\/p>\n","protected":false},"author":1788,"featured_media":0,"comment_status":"closed","ping_status":"closed","sticky":false,"template":"","format":"standard","meta":{"fifu_image_url":"","fifu_image_alt":"","footnotes":""},"categories":[54,76],"tags":[],"class_list":["post-68850","post","type-post","status-publish","format-standard","hentry","category-maroc","category-regions"],"_links":{"self":[{"href":"https:\/\/linitiative.ca\/International\/wp-json\/wp\/v2\/posts\/68850","targetHints":{"allow":["GET"]}}],"collection":[{"href":"https:\/\/linitiative.ca\/International\/wp-json\/wp\/v2\/posts"}],"about":[{"href":"https:\/\/linitiative.ca\/International\/wp-json\/wp\/v2\/types\/post"}],"author":[{"embeddable":true,"href":"https:\/\/linitiative.ca\/International\/wp-json\/wp\/v2\/users\/1788"}],"replies":[{"embeddable":true,"href":"https:\/\/linitiative.ca\/International\/wp-json\/wp\/v2\/comments?post=68850"}],"version-history":[{"count":0,"href":"https:\/\/linitiative.ca\/International\/wp-json\/wp\/v2\/posts\/68850\/revisions"}],"wp:attachment":[{"href":"https:\/\/linitiative.ca\/International\/wp-json\/wp\/v2\/media?parent=68850"}],"wp:term":[{"taxonomy":"category","embeddable":true,"href":"https:\/\/linitiative.ca\/International\/wp-json\/wp\/v2\/categories?post=68850"},{"taxonomy":"post_tag","embeddable":true,"href":"https:\/\/linitiative.ca\/International\/wp-json\/wp\/v2\/tags?post=68850"}],"curies":[{"name":"wp","href":"https:\/\/api.w.org\/{rel}","templated":true}]}}