{"id":68851,"date":"2019-11-29T04:51:22","date_gmt":"2019-11-29T09:51:22","guid":{"rendered":"https:\/\/linitiative.ca\/International\/lafrique-appelee-a-proposer-des-formations-sur-les-metiers-de-demain\/"},"modified":"2019-11-29T04:51:22","modified_gmt":"2019-11-29T09:51:22","slug":"lafrique-appelee-a-proposer-des-formations-sur-les-metiers-de-demain","status":"publish","type":"post","link":"https:\/\/linitiative.ca\/International\/lafrique-appelee-a-proposer-des-formations-sur-les-metiers-de-demain\/","title":{"rendered":"L\u2019Afrique appel\u00e9e \u00e0 proposer des formations sur les m\u00e9tiers de demain"},"content":{"rendered":"<div readability=\"41\">\n<p>Marrakech \u2013 La formation dispens\u00e9e en Afrique devrait tenir compte des besoins pour les m\u00e9tiers mondiaux et de demain, qui de plus en plus, font appel au digital et \u00e0 l\u2019intelligence artificielle et \u00e0 tout ce qui est technologique, a soulign\u00e9 jeudi, \u00e0 Marrakech, le pr\u00e9sident par int\u00e9rim de la Conf\u00e9d\u00e9ration g\u00e9n\u00e9rale des entreprises du Maroc (CGEM), Mohamed Bachiri.<\/p>\n<\/div>\n<div readability=\"111\">\n<p>\u00ab\u00a0L\u2019Afrique est appel\u00e9e \u00e0 \u00eatre plus proactive en proposant des offres de formation relatives au volet industriel, technologique et digital\u00a0\u00bb, a-t-il ajout\u00e9 lors d\u2019une session sous le th\u00e8me \u00ab\u00a0Assurer l\u2019ad\u00e9quation des comp\u00e9tences avec des march\u00e9s du travail en pleine mutation\u00a0\u00bb dans le cadre de la 2\u00e8me \u00e9dition de l\u2019EU-Africa Business Summit.<\/p>\n<p>L\u2019Afrique est aussi appel\u00e9e \u00e0 prendre toutes les mesures qui s\u2019imposent afin de stopper cette \u00ab\u00a0fuite des cerveaux\u00a0\u00bb, un ph\u00e9nom\u00e8ne qui touche tout les pays du continent, et qui co\u00fbte tr\u00e8s cher \u00e0 ces pays, de m\u00eame qu\u2019elle doit r\u00e9soudre le probl\u00e8me de l\u2019ad\u00e9quation entre l\u2019\u00e9ducation et la formation et le march\u00e9 d\u2019emploi, a-t-il insist\u00e9.<\/p>\n<p>\u00ab\u00a0Le monde de l\u2019entreprise est intimement li\u00e9 \u00e0 celui de la qualit\u00e9 des ressources humaines, puisqu\u2019il y va de la comp\u00e9titivit\u00e9 des entreprises africaines dans une \u00e9conomie mondialis\u00e9e\u00a0\u00bb, a-t-il ajout\u00e9.<\/p>\n<p>M.Bachiri a \u00e0 cette occasion, rendu hommage aux diff\u00e9rentes parties prenantes, qui \u0153uvrent au Maroc \u00e0 rapidement r\u00e9gler la question de l\u2019offre en comp\u00e9tences, et dont le travail a abouti \u00e0 la mise en place de \u00ab\u00a0la nouvelle feuille de route relative \u00e0 la formation professionnelle\u00a0\u00bb, bas\u00e9e sur les Hautes orientations Royales.<\/p>\n<p>Cette feuille de route permet de mettre en phase la formation professionnelle avec la r\u00e9alit\u00e9 des besoins \u00e9conomiques et sociaux du pays et de d\u00e9velopper l\u2019employabilit\u00e9 et d\u2019encourager davantage l\u2019entrepreneuriat, a-t-il pr\u00e9cis\u00e9.<\/p>\n<p>Et d\u2019indiquer que le nouveau dispositif de formation professionnelle au Maroc, baptis\u00e9 \u00ab\u00a0Cit\u00e9s des M\u00e9tiers et des Comp\u00e9tences\u00a0\u00bb, s\u2019articulera autour de la cr\u00e9ation d\u2019une nouvelle g\u00e9n\u00e9ration de centres de formation professionnelle, dans chacune des 12 r\u00e9gions.<\/p>\n<p>Par ailleurs, M. Bachiri a soulign\u00e9 que le Maroc a d\u00e9velopp\u00e9 une importante exp\u00e9rience dans la co-gestion entre le public et le priv\u00e9 d\u2019instituts de formation professionnelle, relevant dans ce cadre, que le Royaume met \u00e0 disposition des pays africains cette importante exp\u00e9rience cumul\u00e9e comme les exemples dans l\u2019automobile et l\u2019a\u00e9ronautique.<\/p>\n<p>\u00ab\u00a0Le th\u00e8me de cette session nous interpelle tout particuli\u00e8rement car \u00e0 la CGEM nous pla\u00e7ons le capital humain et la formation au c\u0153ur de nos chantiers prioritaires\u00a0\u00bb, a-t-il insist\u00e9.<\/p>\n<p>L\u2019EU-Africa Business Summit vise \u00e0 promouvoir les relations \u00e9conomiques et commerciales entre les deux continents.<\/p>\n<p>Pendant deux jours, la 2\u00e8me \u00e9dition du Sommet accueillera d\u2019influents d\u00e9cideurs politiques et dirigeants d\u2019entreprises africains et europ\u00e9ens ainsi que des experts de renomm\u00e9e.<\/p>\n<p>Tout au long du Sommet, plus de 300 participants se r\u00e9unissent pour discuter et d\u00e9battre des opportunit\u00e9s d\u2019investissements et de la mise en place de partenariats durables entre l\u2019Afrique et l\u2019Europe.<\/p>\n<p>Dans cette optique, cette seconde \u00e9dition sera principalement consacr\u00e9e \u00e0 l\u2019industrialisation et au d\u00e9veloppement des chaines de valeurs, au d\u00e9veloppement rural et \u00e0 l\u2019agriculture, aux challenges de la digitalisation ainsi qu\u2019aux opportunit\u00e9s d\u2019investissement dans les \u00e9nergies renouvelables.<\/p>\n<p>L\u2019European Business Summit (EBS) est une organisation de renomm\u00e9e bas\u00e9e \u00e0 Bruxelles depuis 20 ans. Les \u00e9v\u00e9nements qu\u2019elle organise, rassemblent des dirigeants d\u2019entreprises et des d\u00e9cideurs politiques influents ainsi que des membres de la soci\u00e9t\u00e9 civile afin de souligner le r\u00f4le du secteur priv\u00e9 en Europe et dans le monde.<\/p>\n<\/div>\n<p>Auteur: Meriem IGASS<br \/>\n<a href=\"http:\/\/www.mapmarrakech.ma\/fr\/formation\/\">Cliquez ici pour lire l&rsquo;article depuis sa source.<\/a><\/p>\n","protected":false},"excerpt":{"rendered":"<p>Marrakech \u2013 La formation dispens\u00e9e en Afrique devrait tenir compte des besoins pour les m\u00e9tiers mondiaux et de demain, qui de plus en plus, font appel au digital et \u00e0 l\u2019intelligence artificielle et \u00e0 tout ce qui est technologique, a soulign\u00e9 jeudi, \u00e0 Marrakech, le pr\u00e9sident par int\u00e9rim de la Conf\u00e9d\u00e9ration g\u00e9n\u00e9rale des entreprises du [&hellip;]<\/p>\n","protected":false},"author":1788,"featured_media":0,"comment_status":"closed","ping_status":"closed","sticky":false,"template":"","format":"standard","meta":{"fifu_image_url":"","fifu_image_alt":"","footnotes":""},"categories":[54,76],"tags":[],"class_list":["post-68851","post","type-post","status-publish","format-standard","hentry","category-maroc","category-regions"],"_links":{"self":[{"href":"https:\/\/linitiative.ca\/International\/wp-json\/wp\/v2\/posts\/68851","targetHints":{"allow":["GET"]}}],"collection":[{"href":"https:\/\/linitiative.ca\/International\/wp-json\/wp\/v2\/posts"}],"about":[{"href":"https:\/\/linitiative.ca\/International\/wp-json\/wp\/v2\/types\/post"}],"author":[{"embeddable":true,"href":"https:\/\/linitiative.ca\/International\/wp-json\/wp\/v2\/users\/1788"}],"replies":[{"embeddable":true,"href":"https:\/\/linitiative.ca\/International\/wp-json\/wp\/v2\/comments?post=68851"}],"version-history":[{"count":0,"href":"https:\/\/linitiative.ca\/International\/wp-json\/wp\/v2\/posts\/68851\/revisions"}],"wp:attachment":[{"href":"https:\/\/linitiative.ca\/International\/wp-json\/wp\/v2\/media?parent=68851"}],"wp:term":[{"taxonomy":"category","embeddable":true,"href":"https:\/\/linitiative.ca\/International\/wp-json\/wp\/v2\/categories?post=68851"},{"taxonomy":"post_tag","embeddable":true,"href":"https:\/\/linitiative.ca\/International\/wp-json\/wp\/v2\/tags?post=68851"}],"curies":[{"name":"wp","href":"https:\/\/api.w.org\/{rel}","templated":true}]}}