{"id":68860,"date":"2019-11-29T06:00:00","date_gmt":"2019-11-29T11:00:00","guid":{"rendered":"https:\/\/linitiative.ca\/International\/lonu-alerte-encore-sur-lurgence-climatique\/"},"modified":"2019-11-29T06:00:00","modified_gmt":"2019-11-29T11:00:00","slug":"lonu-alerte-encore-sur-lurgence-climatique","status":"publish","type":"post","link":"https:\/\/linitiative.ca\/International\/lonu-alerte-encore-sur-lurgence-climatique\/","title":{"rendered":"L\u2019ONU alerte encore sur l\u2019urgence climatique"},"content":{"rendered":"<div readability=\"38\">\n<p>Les \u00e9missions doivent diminuer de 7,6% par an jusqu\u2019en 2030<\/p>\n<p>Le monde se dirige vers une hausse de la temp\u00e9rature de 3,2 \u00b0C<\/p>\n<p>La COP25 se tiendra du 2 au 13 d\u00e9cembre \u00e0 Madrid<\/p>\n<\/div>\n<div readability=\"97.5\">\n<div class=\"dnd-atom-wrapper type-image context-sdl_editor_representation\" contenteditable=\"false\">\n<div class=\"dnd-drop-wrapper image\"><img loading=\"lazy\" decoding=\"async\" typeof=\"foaf:Image\" class=\"img-responsive\" src=\"https:\/\/leconomiste.com\/sites\/default\/files\/eco7\/public\/thumbnails\/image\/changement-climatique-043.jpg\" width=\"800\" height=\"454\" alt=\"changement-climatique-043.jpg\" title=\"changement-climatique-043.jpg\"\/><\/div>\n<\/div>\n<p class=\"rtejustify\">Si les \u00e9missions mondiales de gaz \u00e0 effet de serre ne diminuent pas de 7,6% par an entre 2020 et 2030, le monde manquera l\u2019occasion de se mettre sur la bonne voie pour atteindre l\u2019objectif de limiter la hausse des temp\u00e9ratures \u00e0 1,5 \u00b0C, fix\u00e9 par l\u2019Accord de Paris.<\/p>\n<p class=\"rtejustify\">C\u2019est ce que pr\u00e9voit un nouveau rapport du Programme des Nations unies pour l\u2019environnement (PNUE) au terme d\u2019une ann\u00e9e au cours de laquelle les nations doivent renforcer les engagements climatiques pris \u00e0 Paris. Il a \u00e9t\u00e9 d\u00e9voil\u00e9 \u00e0 quelques jours de la r\u00e9union annuelle de l\u2019ONU sur la lutte contre le changement climatique, la COP25, qui se tiendra du 2 au 13 d\u00e9cembre \u00e0 Madrid. L\u2019on rappelle que la COP22 s\u2019est d\u00e9roul\u00e9e en 2016 \u00e0 Marrakech.<\/p>\n<p class=\"rtejustify\">M\u00eame si tous les engagements inconditionnels actuels pris dans le cadre de l\u2019Accord de Paris sont mis en \u0153uvre, il est pr\u00e9vu que les temp\u00e9ratures augmentent de 3,2 \u00b0C, indique le rapport intitul\u00e9 \u00abL\u2019\u00e9cart entre les besoins et les perspectives en mati\u00e8re de r\u00e9duction des \u00e9missions\u00bb (Emissions Gap Report). Ce qui aurait des cons\u00e9quences climatiques encore plus \u00e9tendues et plus destructrices. Les efforts collectifs actuels devront au moins \u00eatre multipli\u00e9s par cinq pour atteindre l\u2019objectif de r\u00e9duction des \u00e9missions de 1,5 \u00b0C fix\u00e9 par l\u2019Accord de Paris.<\/p>\n<p class=\"rtejustify\">2020 est une ann\u00e9e cruciale pour l\u2019action climat. La Conf\u00e9rence des Nations unies sur les changements climatiques qui aura lieu \u00e0 Glasgow visera \u00e0 d\u00e9terminer la voie \u00e0 suivre pour \u00e9viter les crises. Les pays devront renforcer leurs engagements climatiques.<\/p>\n<p class=\"rtejustify\">\u00abDepuis dix ans, le rapport sur l\u2019\u00e9cart entre les besoins et les perspectives en mati\u00e8re de r\u00e9duction des \u00e9missions tire la sonnette d\u2019alarme, et depuis dix ans, le monde n\u2019a fait qu\u2019augmenter le volume de ses \u00e9missions\u00bb, a indiqu\u00e9 le Secr\u00e9taire g\u00e9n\u00e9ral des Nations unies Ant\u00f3nio Guterres.<\/p>\n<p class=\"rtejustify\">\u00abIl n\u2019y a jamais eu de moment plus important pour \u00e9couter la science. Ne pas tenir compte de ces avertissements et prendre des mesures drastiques pour inverser les \u00e9missions implique que nous continuerons d\u2019\u00eatre t\u00e9moins de vagues de chaleur mortelles et catastrophiques, de temp\u00eates et de pollution\u00bb, dit-il.<\/p>\n<p class=\"rtejustify\">Dans ses r\u00e9centes parutions, le Groupe d\u2019experts intergouvernemental sur l\u2019\u00e9volution du climat (GIEC) a averti que d\u00e9passer une hausse des temp\u00e9ratures de 1,5 \u00b0C augmentera la fr\u00e9quence et l\u2019intensit\u00e9 des \u00e9v\u00e9nements climatiques.<\/p>\n<p class=\"rtejustify\">\u00abNotre incapacit\u00e9 collective \u00e0 agir rapidement et \u00e0 redoubler d\u2019efforts pour lutter contre le changement climatique implique que nous devons maintenant r\u00e9duire consid\u00e9rablement nos \u00e9missions, \u00e0 hauteur de plus de 7% par an, si nous les r\u00e9partissons de mani\u00e8re \u00e9quilibr\u00e9e au cours de la prochaine d\u00e9cennie\u00bb, a affirm\u00e9 pour sa part Inger Andersen, directrice ex\u00e9cutive du PNUE. \u00abL\u2019ampleur de ces r\u00e9ductions annuelles peut sembler choquante. Elles peuvent aussi sembler impossibles, du moins pour l\u2019ann\u00e9e prochaine. Mais il faut essayer\u00bb, note-t-elle.<\/p>\n<blockquote readability=\"16\">\n<p class=\"rtecenter\"><strong><span class=\"c4\">Objectif \u00e0 long terme de z\u00e9ro \u00e9mission<\/span><\/strong><\/p>\n<p class=\"rtejustify\">Les pays du G20 sont responsables de 78% de toutes les \u00e9missions, mais seulement cinq de ses membres se sont engag\u00e9s \u00e0 atteindre un objectif \u00e0 long terme de z\u00e9ro \u00e9mission. A court terme, les pays d\u00e9velopp\u00e9s devront r\u00e9duire leurs \u00e9missions plus rapidement que les pays en d\u00e9veloppement, pour des raisons de justice et d\u2019\u00e9quit\u00e9. Cependant, tous les pays devront contribuer davantage aux effets collectifs. Les pays en d\u00e9veloppement peuvent tirer des le\u00e7ons des efforts fructueux des pays d\u00e9velopp\u00e9s. Ils peuvent m\u00eame les d\u00e9passer et adopter des technologies plus propres \u00e0 un rythme plus rapide. L\u2019\u00e9tude du PNUE met l\u2019accent sur le potentiel de certains secteurs \u00e0 r\u00e9duire les \u00e9missions. Elle cite, cette ann\u00e9e, la transition \u00e9nerg\u00e9tique et le potentiel d\u2019efficacit\u00e9 de l\u2019utilisation de certains mat\u00e9riaux. Ce qui peut contribuer \u00e0 r\u00e9duire l\u2019\u00e9cart entre les besoins et les perspectives en mati\u00e8re d\u2019\u00e9missions.<\/p>\n<\/blockquote>\n<p class=\"rtejustify\"><em>F. Z. T. \u00a0<\/em><\/p>\n<p class=\"rtejustify\">\u00a0<\/p>\n<\/div>\n<p>Auteur: hlafriqi<br \/>\n<a href=\"https:\/\/www.leconomiste.com\/article\/1053737-l-onu-alerte-encore-sur-l-urgence-climatique\">Cliquez ici pour lire l&rsquo;article depuis sa source.<\/a><\/p>\n","protected":false},"excerpt":{"rendered":"<p>Les \u00e9missions doivent diminuer de 7,6% par an jusqu\u2019en 2030 Le monde se dirige vers une hausse de la temp\u00e9rature de 3,2 \u00b0C La COP25 se tiendra du 2 au 13 d\u00e9cembre \u00e0 Madrid Si les \u00e9missions mondiales de gaz \u00e0 effet de serre ne diminuent pas de 7,6% par an entre 2020 et 2030, [&hellip;]<\/p>\n","protected":false},"author":1763,"featured_media":68861,"comment_status":"closed","ping_status":"closed","sticky":false,"template":"","format":"standard","meta":{"fifu_image_url":"","fifu_image_alt":"","footnotes":""},"categories":[78,54],"tags":[],"class_list":["post-68860","post","type-post","status-publish","format-standard","has-post-thumbnail","hentry","category-economie","category-maroc"],"_links":{"self":[{"href":"https:\/\/linitiative.ca\/International\/wp-json\/wp\/v2\/posts\/68860","targetHints":{"allow":["GET"]}}],"collection":[{"href":"https:\/\/linitiative.ca\/International\/wp-json\/wp\/v2\/posts"}],"about":[{"href":"https:\/\/linitiative.ca\/International\/wp-json\/wp\/v2\/types\/post"}],"author":[{"embeddable":true,"href":"https:\/\/linitiative.ca\/International\/wp-json\/wp\/v2\/users\/1763"}],"replies":[{"embeddable":true,"href":"https:\/\/linitiative.ca\/International\/wp-json\/wp\/v2\/comments?post=68860"}],"version-history":[{"count":0,"href":"https:\/\/linitiative.ca\/International\/wp-json\/wp\/v2\/posts\/68860\/revisions"}],"wp:featuredmedia":[{"embeddable":true,"href":"https:\/\/linitiative.ca\/International\/wp-json\/"}],"wp:attachment":[{"href":"https:\/\/linitiative.ca\/International\/wp-json\/wp\/v2\/media?parent=68860"}],"wp:term":[{"taxonomy":"category","embeddable":true,"href":"https:\/\/linitiative.ca\/International\/wp-json\/wp\/v2\/categories?post=68860"},{"taxonomy":"post_tag","embeddable":true,"href":"https:\/\/linitiative.ca\/International\/wp-json\/wp\/v2\/tags?post=68860"}],"curies":[{"name":"wp","href":"https:\/\/api.w.org\/{rel}","templated":true}]}}