{"id":68862,"date":"2019-11-29T06:15:00","date_gmt":"2019-11-29T11:15:00","guid":{"rendered":"https:\/\/linitiative.ca\/International\/procedure-de-destitution-trump-invite-a-se-defendre-au-congres\/"},"modified":"2019-11-29T06:15:00","modified_gmt":"2019-11-29T11:15:00","slug":"procedure-de-destitution-trump-invite-a-se-defendre-au-congres","status":"publish","type":"post","link":"https:\/\/linitiative.ca\/International\/procedure-de-destitution-trump-invite-a-se-defendre-au-congres\/","title":{"rendered":"Proc\u00e9dure de destitution: Trump invit\u00e9 \u00e0 se d\u00e9fendre au congr\u00e8s"},"content":{"rendered":"<div readability=\"34\">\n<p>Une audition est pr\u00e9vue le 4 d\u00e9cembre<\/p>\n<p>Le pr\u00e9sident am\u00e9ricain est en campagne de r\u00e9\u00e9lection<\/p>\n<\/div>\n<div readability=\"69\">\n<div class=\"dnd-atom-wrapper type-image context-sdl_editor_representation\" contenteditable=\"false\">\n<div class=\"dnd-drop-wrapper image\"><img loading=\"lazy\" decoding=\"async\" typeof=\"foaf:Image\" class=\"img-responsive\" src=\"https:\/\/leconomiste.com\/sites\/default\/files\/eco7\/public\/thumbnails\/image\/procedure-de-destitution-trump-043.jpg\" width=\"800\" height=\"772\" alt=\"procedure-de-destitution-trump-043.jpg\" title=\"procedure-de-destitution-trump-043.jpg\"\/><\/div>\n<\/div>\n<p class=\"rtejustify\">Lors d&rsquo;une r\u00e9union publique en Floride en d\u00e9but de semaine, Donald Trump a vou\u00e9 ses adversaires aux g\u00e9monies avant de s\u00e9journer dans son club de golf pour une tr\u00eave de Thanksgiving. La Floride est l&rsquo;un des Etats cl\u00e9s pour l&rsquo;\u00e9lection pr\u00e9sidentielle de novembre 2020, o\u00f9 l&rsquo;ex-homme d&rsquo;affaires briguera un second mandat. \u00abLe raz-de-mar\u00e9e va commencer ici\u00bb, a lanc\u00e9 le chef d&rsquo;Etat.<\/p>\n<p class=\"rtejustify\">En attendant, la commission judiciaire de la Chambre des repr\u00e9sentants a invit\u00e9 Trump ou ses avocats \u00e0 participer \u00e0 une audition le 4 d\u00e9cembre. Elle marquera l&rsquo;ouverture d&rsquo;une nouvelle phase de l&rsquo;enqu\u00eate en destitution ouverte \u00e0 son encontre. \u00abJe vous \u00e9cris pour savoir si vous, ou vos avocats, comptez assister \u00e0 l&rsquo;audition ou souhaitez interroger les t\u00e9moins\u00bb, a demand\u00e9 l&rsquo;\u00e9lu d\u00e9mocrate Jerry Nadler dans un courrier adress\u00e9 au pr\u00e9sident am\u00e9ricain.<\/p>\n<p class=\"rtejustify\">Nadler a assur\u00e9 vouloir mener une \u00abproc\u00e9dure \u00e9quitable et informative\u00bb. Il a soulign\u00e9 que \u00abla participation du pr\u00e9sident et de ses avocats ne r\u00e9sultait pas d&rsquo;un droit mais d&rsquo;un privil\u00e8ge ou d&rsquo;une courtoisie accord\u00e9s\u00bb. D\u00e9non\u00e7ant une farce ou un canular, Trump a assur\u00e9 il y a quelques jours sur Twitter \u00abenvisager s\u00e9rieusement de t\u00e9moigner au Congr\u00e8s, peut-\u00eatre par \u00e9crit\u00bb.<\/p>\n<p class=\"rtejustify\">Le courrier de Nadler marque un nouveau cap dans la proc\u00e9dure de destitution qui assombrit la campagne de r\u00e9\u00e9lection du milliardaire new-yorkais. Les d\u00e9mocrates lui reprochent d\u2019ailleurs d&rsquo;avoir demand\u00e9 \u00e0 l&rsquo;Ukraine d&rsquo;enqu\u00eater sur Joe Biden, un de ses adversaires potentiels \u00e0 la pr\u00e9sidentielle de 2020. Ils l&rsquo;accusent d&rsquo;avoir abus\u00e9 de son pouvoir \u00e0 des fins personnelles, notamment en gelant une aide militaire pour faire pression sur Kiev.<\/p>\n<p class=\"rtejustify\">Au cours des deux derniers mois, la commission du Renseignement a men\u00e9 l&rsquo;enqu\u00eate et entendu une quinzaine de t\u00e9moins, notamment lors d&rsquo;auditions publiques, sans que la Maison-Blanche n&rsquo;ait son mot \u00e0 dire. Cette phase d&rsquo;enqu\u00eate est boucl\u00e9e et la commission du Renseignement devrait bient\u00f4t transmettre son rapport \u00e0 la commission judiciaire.<\/p>\n<p class=\"rtejustify\"><em>F. Z. T. avec agences<\/em><\/p>\n<\/div>\n<p>Auteur: hlafriqi<br \/>\n<a href=\"https:\/\/www.leconomiste.com\/article\/1053753-procedure-de-destitution-trump-invite-se-defendre-au-congres\">Cliquez ici pour lire l&rsquo;article depuis sa source.<\/a><\/p>\n","protected":false},"excerpt":{"rendered":"<p>Une audition est pr\u00e9vue le 4 d\u00e9cembre Le pr\u00e9sident am\u00e9ricain est en campagne de r\u00e9\u00e9lection Lors d&rsquo;une r\u00e9union publique en Floride en d\u00e9but de semaine, Donald Trump a vou\u00e9 ses adversaires aux g\u00e9monies avant de s\u00e9journer dans son club de golf pour une tr\u00eave de Thanksgiving. La Floride est l&rsquo;un des Etats cl\u00e9s pour l&rsquo;\u00e9lection [&hellip;]<\/p>\n","protected":false},"author":1763,"featured_media":68863,"comment_status":"closed","ping_status":"closed","sticky":false,"template":"","format":"standard","meta":{"fifu_image_url":"","fifu_image_alt":"","footnotes":""},"categories":[78,54],"tags":[],"class_list":["post-68862","post","type-post","status-publish","format-standard","has-post-thumbnail","hentry","category-economie","category-maroc"],"_links":{"self":[{"href":"https:\/\/linitiative.ca\/International\/wp-json\/wp\/v2\/posts\/68862","targetHints":{"allow":["GET"]}}],"collection":[{"href":"https:\/\/linitiative.ca\/International\/wp-json\/wp\/v2\/posts"}],"about":[{"href":"https:\/\/linitiative.ca\/International\/wp-json\/wp\/v2\/types\/post"}],"author":[{"embeddable":true,"href":"https:\/\/linitiative.ca\/International\/wp-json\/wp\/v2\/users\/1763"}],"replies":[{"embeddable":true,"href":"https:\/\/linitiative.ca\/International\/wp-json\/wp\/v2\/comments?post=68862"}],"version-history":[{"count":0,"href":"https:\/\/linitiative.ca\/International\/wp-json\/wp\/v2\/posts\/68862\/revisions"}],"wp:featuredmedia":[{"embeddable":true,"href":"https:\/\/linitiative.ca\/International\/wp-json\/"}],"wp:attachment":[{"href":"https:\/\/linitiative.ca\/International\/wp-json\/wp\/v2\/media?parent=68862"}],"wp:term":[{"taxonomy":"category","embeddable":true,"href":"https:\/\/linitiative.ca\/International\/wp-json\/wp\/v2\/categories?post=68862"},{"taxonomy":"post_tag","embeddable":true,"href":"https:\/\/linitiative.ca\/International\/wp-json\/wp\/v2\/tags?post=68862"}],"curies":[{"name":"wp","href":"https:\/\/api.w.org\/{rel}","templated":true}]}}