{"id":68864,"date":"2019-11-29T06:30:00","date_gmt":"2019-11-29T11:30:00","guid":{"rendered":"https:\/\/linitiative.ca\/International\/enseignement-un-probleme-de-langue-avant-tout\/"},"modified":"2019-11-29T06:30:00","modified_gmt":"2019-11-29T11:30:00","slug":"enseignement-un-probleme-de-langue-avant-tout","status":"publish","type":"post","link":"https:\/\/linitiative.ca\/International\/enseignement-un-probleme-de-langue-avant-tout\/","title":{"rendered":"Enseignement: Un probl\u00e8me de langue avant tout!"},"content":{"rendered":"<p class=\"rtejustify\"><strong>\u25a0 Faisons de l\u2019arabe classique notre darija<\/strong><br \/>Pour r\u00e9soudre une fois pour toutes le probl\u00e8me des langues du syst\u00e8me d\u2019enseignement marocain, faisons de l&rsquo;arabe classique notre darija ! Autrement dit, tentons de faire rapprocher le plus possible notre langue maternelle de l&rsquo;arabe classique\u2026 Ce qui facilita \u00e9norm\u00e9ment la t\u00e2che \u00e0 nos enfants et permettra au secteur de gagner en coh\u00e9rence.<br \/><em>S.B.H.<\/em><\/p>\n<p class=\"rtejustify\"><strong>\u25a0 Apprendre la langue de Moli\u00e8re d\u00e8s son plus jeune \u00e2ge<\/strong><br \/>Le fran\u00e7ais devrait \u00eatre enseign\u00e9 d\u00e8s le plus jeune \u00e2ge. En effet, un jeune enfant apprend plus facilement une langue qu&rsquo;un adulte. A titre d\u2019exemple, j&rsquo;avais \u00e9t\u00e9 inscrit en 1945 dans une \u00e9cole publique qui dispensait cinq heures de fran\u00e7ais et deux heures d\u2019arabe par jour. Pourtant, \u00e0 la base, je n\u2019avais aucune ma\u00eetrise de la langue de Moli\u00e8re. Pourtant, cinq ans plus tard, j\u2019ai \u00e9t\u00e9 admis \u00e0 l\u2019Ecole industrielle et commerciale de Casablanca qui est l\u2019\u00e9quivalent du lyc\u00e9e Lyautey, mais suivant une orientation technique. Si le gouvernement marocain d\u00e9cidait d\u2019enseigner le fran\u00e7ais d\u00e8s le cours pr\u00e9paratoire, nos jeunes \u00e9l\u00e8ves pourraient exceller tout le reste de leur cursus scolaire!<br \/><em>B.S.<\/em><\/p>\n<div class=\"dnd-atom-wrapper type-image context-sdl_editor_representation\" contenteditable=\"false\">\n<div class=\"dnd-drop-wrapper image\"><img loading=\"lazy\" decoding=\"async\" typeof=\"foaf:Image\" class=\"img-responsive\" src=\"https:\/\/www.leconomiste.com\/sites\/default\/files\/eco7\/public\/thumbnails\/image\/cari-cl-043.jpg\" width=\"660\" height=\"330\" alt=\"cari-cl-043.jpg\" title=\"cari-cl-043.jpg\"\/><\/div>\n<\/div>\n<p class=\"rtecenter\"><em><strong><u>\u00a0\u00a0\u00a0\u00a0\u00a0\u00a0\u00a0\u00a0\u00a0\u00a0\u00a0\u00a0\u00a0\u00a0\u00a0\u00a0\u00a0\u00a0\u00a0\u00a0\u00a0\u00a0\u00a0\u00a0\u00a0\u00a0\u00a0\u00a0\u00a0\u00a0\u00a0\u00a0\u00a0\u00a0\u00a0\u00a0\u00a0\u00a0\u00a0\u00a0\u00a0\u00a0\u00a0\u00a0\u00a0\u00a0\u00a0\u00a0\u00a0\u00a0\u00a0\u00a0\u00a0\u00a0\u00a0\u00a0\u00a0\u00a0\u00a0\u00a0\u00a0\u00a0\u00a0\u00a0\u00a0\u00a0\u00a0\u00a0\u00a0\u00a0\u00a0\u00a0\u00a0\u00a0\u00a0\u00a0<\/u><\/strong><\/em><\/p>\n<p class=\"rtecenter\"><strong>Casablanca: Un d\u00e9potoir \u00e0 ciel ouvert<\/strong><\/p>\n<div class=\"dnd-atom-wrapper type-image context-sdl_editor_representation\" contenteditable=\"false\">\n<div class=\"dnd-drop-wrapper image\"><img loading=\"lazy\" decoding=\"async\" typeof=\"foaf:Image\" class=\"img-responsive\" src=\"https:\/\/www.leconomiste.com\/sites\/default\/files\/eco7\/public\/thumbnails\/image\/casablanca-ordures-043.jpg\" width=\"660\" height=\"330\" alt=\"casablanca-ordures-043.jpg\" title=\"casablanca-ordures-043.jpg\"\/><\/div>\n<\/div>\n<p class=\"rtejustify\"><strong>\u25a0 Un probl\u00e8me aux sources multiples!<\/strong><br \/>Nombreux sont ceux qui veulent sauvegarder la propret\u00e9 de leur environnement. N\u00e9anmoins, ils sont frein\u00e9s dans leur \u00e9lan par les chiffonniers, mais \u00e9galement les mendiants, les ivrognes et les clochards. Ajoutez \u00e0 cela les commerces vacants devenus pour la plupart de v\u00e9ritables d\u00e9potoirs ou encore les \u00e9paves de voitures abandonn\u00e9es\u2026 Trop, c\u2019est trop!<br \/><em>Z.B.<\/em><\/p>\n<p class=\"rtejustify\"><strong>\u25a0 Du travail de terrain avant tout!<\/strong><br \/>Casablanca a \u00e9t\u00e9 d\u00e9lib\u00e9r\u00e9ment ruralis\u00e9e et ce n&rsquo;est pas avec des \u00e9crits que la ville retrouvera son sourire d&rsquo;antan. Ne nous parlez donc pas de la nouvelle police municipale pour r\u00e9soudre le probl\u00e8me. En effet, ses \u00e9l\u00e9ments n\u2019ont pas \u00e9t\u00e9 form\u00e9s pour le terrain, mais pour remplir de la paperasse\u2026 Que la commune commence d\u2019abord \u00e0 installer des poubelles dans chaque rue et \u00e0 imposer \u00e0 chaque habitation des sacs-poubelle en bonne et due forme au lieu de laisser s\u2019accumuler odeurs naus\u00e9abondes et salet\u00e9s sans nom. Ce n\u2019est pas derri\u00e8re un bureau que les probl\u00e8mes de terrain se r\u00e8gleront!<br \/><em>M.R.<\/em><\/p>\n<p class=\"rtejustify\"><strong>\u25a0 Sensibilisons et sanctionnons<\/strong><br \/>Le probl\u00e8me de la propret\u00e9 dans la ville blanche prend de multiples facettes! Tout d\u2019abord, il y a les balayeurs qui devraient travailler de mani\u00e8re plus rigoureuse et sans demander la charit\u00e9 de mani\u00e8re presque automatique aupr\u00e8s des automobilistes. Ensuite, il y a ces conducteurs de voitures de luxe qui jettent sans la moindre honte kleenex et autres d\u00e9chets ambulants \u00e0 m\u00eame les boulevards. Et que dire des chiffonniers et de leurs \u00e2nes qui dispersent les ordures et perturbent la circulation\u2026 Pour changer tout cela, il faut avant tout sensibiliser le peuple et perp\u00e9tuer cette sensibilisation. Si cela ne fonctionne pas, il faudra en venir aux sanctions p\u00e9cuniaires. Un moyen efficace pour ramener \u00e0 la raison les contrevenants.o<br \/><em>N.N.<\/em><\/p>\n<p class=\"rtecenter\"><em><strong><u>\u00a0\u00a0\u00a0\u00a0\u00a0\u00a0\u00a0\u00a0\u00a0\u00a0\u00a0\u00a0\u00a0\u00a0\u00a0\u00a0\u00a0\u00a0\u00a0\u00a0\u00a0\u00a0\u00a0\u00a0\u00a0\u00a0\u00a0\u00a0\u00a0\u00a0\u00a0\u00a0\u00a0\u00a0\u00a0\u00a0\u00a0\u00a0\u00a0\u00a0\u00a0\u00a0\u00a0\u00a0\u00a0\u00a0\u00a0\u00a0\u00a0\u00a0\u00a0\u00a0\u00a0\u00a0\u00a0\u00a0\u00a0\u00a0\u00a0\u00a0\u00a0\u00a0\u00a0\u00a0\u00a0\u00a0\u00a0\u00a0\u00a0\u00a0\u00a0\u00a0\u00a0\u00a0\u00a0\u00a0<\/u><\/strong><\/em><\/p>\n<p class=\"rtecenter\"><strong>Foot: Le Derby fait encore des siennes!<\/strong><\/p>\n<div class=\"dnd-atom-wrapper type-image context-sdl_editor_representation\" contenteditable=\"false\">\n<div class=\"dnd-drop-wrapper image\"><img loading=\"lazy\" decoding=\"async\" typeof=\"foaf:Image\" class=\"img-responsive\" src=\"https:\/\/www.leconomiste.com\/sites\/default\/files\/eco7\/public\/thumbnails\/image\/police-arrestation-043.jpg\" width=\"660\" height=\"330\" alt=\"police-arrestation-043.jpg\" title=\"police-arrestation-043.jpg\"\/><\/div>\n<\/div>\n<p class=\"rtejustify\"><strong>\u25a0 Les fumig\u00e8nes utilis\u00e9s sans vergogne<\/strong><br \/>Nous savons \u00e9perdument que les fumig\u00e8nes sont interdits lors des matchs. Pourtant, ils ont bien \u00e9t\u00e9 ramen\u00e9s dans le stade. Qui est charg\u00e9 de contr\u00f4ler les supporters lors de ce type d\u2019\u00e9v\u00e8nements ? A mon sens, il y a une r\u00e9elle faille s\u00e9curitaire. Je crains fort qu\u2019un de ces jours, l\u2019irr\u00e9parable soit commis. Et ce jour-l\u00e0, il sera trop tard\u2026<br \/><em>Rachid<\/em><br \/><strong>\u00a0<br \/>\u25a0 Les matchs doivent \u00eatre jou\u00e9s en dehorsde la ville<\/strong><br \/>Les matchs doivent \u00eatre jou\u00e9s en dehors de la ville pour la s\u00e9curit\u00e9 des habitants, en particulier ceux vivant \u00e0 proximit\u00e9 du stade. De plus, il devient urgent d\u2019augmenter sensiblement le niveau de s\u00e9curit\u00e9 \u00e0 l\u2019entr\u00e9e du complexe pour dissuader les supporters de faire entrer des armes et autres objets dangereux.<br \/>Autre solution qui pourrait \u00eatre bien utile, instaurer des horaires de sortie diff\u00e9rents pour les supporters des deux \u00e9quipes. Cela permettrait aux forces de s\u00e9curit\u00e9 de ma\u00eetriser davantage la situation et de r\u00e9duire les d\u00e9g\u00e2ts.<br \/><em>A.M.<\/em><\/p>\n<p class=\"rtejustify\"><strong>\u25a0 Les r\u00e9sidents ont raison de se plaindre!<\/strong><br \/>La col\u00e8re des r\u00e9sidents est justifi\u00e9e ! Comment peut-on laisser des voyous envahir litt\u00e9ralement le centre-ville et prendre le risque de les r\u00e9unir en grand nombre en un seul et m\u00eame lieu?<br \/><em>B.P.<\/em><\/p>\n<p class=\"rtejustify\">\u00a0<\/p>\n<p class=\"rtejustify\">\u00a0<\/p>\n<p>Auteur: hlafriqi<br \/>\n<a href=\"https:\/\/www.leconomiste.com\/article\/1053741-enseignement-un-probleme-de-langue-avant-tout\">Cliquez ici pour lire l&rsquo;article depuis sa source.<\/a><\/p>\n","protected":false},"excerpt":{"rendered":"<p>\u25a0 Faisons de l\u2019arabe classique notre darijaPour r\u00e9soudre une fois pour toutes le probl\u00e8me des langues du syst\u00e8me d\u2019enseignement marocain, faisons de l&rsquo;arabe classique notre darija ! Autrement dit, tentons de faire rapprocher le plus possible notre langue maternelle de l&rsquo;arabe classique\u2026 Ce qui facilita \u00e9norm\u00e9ment la t\u00e2che \u00e0 nos enfants et permettra au secteur [&hellip;]<\/p>\n","protected":false},"author":1763,"featured_media":68865,"comment_status":"closed","ping_status":"closed","sticky":false,"template":"","format":"standard","meta":{"fifu_image_url":"","fifu_image_alt":"","footnotes":""},"categories":[78,54],"tags":[],"class_list":["post-68864","post","type-post","status-publish","format-standard","has-post-thumbnail","hentry","category-economie","category-maroc"],"_links":{"self":[{"href":"https:\/\/linitiative.ca\/International\/wp-json\/wp\/v2\/posts\/68864","targetHints":{"allow":["GET"]}}],"collection":[{"href":"https:\/\/linitiative.ca\/International\/wp-json\/wp\/v2\/posts"}],"about":[{"href":"https:\/\/linitiative.ca\/International\/wp-json\/wp\/v2\/types\/post"}],"author":[{"embeddable":true,"href":"https:\/\/linitiative.ca\/International\/wp-json\/wp\/v2\/users\/1763"}],"replies":[{"embeddable":true,"href":"https:\/\/linitiative.ca\/International\/wp-json\/wp\/v2\/comments?post=68864"}],"version-history":[{"count":0,"href":"https:\/\/linitiative.ca\/International\/wp-json\/wp\/v2\/posts\/68864\/revisions"}],"wp:featuredmedia":[{"embeddable":true,"href":"https:\/\/linitiative.ca\/International\/wp-json\/"}],"wp:attachment":[{"href":"https:\/\/linitiative.ca\/International\/wp-json\/wp\/v2\/media?parent=68864"}],"wp:term":[{"taxonomy":"category","embeddable":true,"href":"https:\/\/linitiative.ca\/International\/wp-json\/wp\/v2\/categories?post=68864"},{"taxonomy":"post_tag","embeddable":true,"href":"https:\/\/linitiative.ca\/International\/wp-json\/wp\/v2\/tags?post=68864"}],"curies":[{"name":"wp","href":"https:\/\/api.w.org\/{rel}","templated":true}]}}