{"id":68877,"date":"2019-11-29T10:12:42","date_gmt":"2019-11-29T15:12:42","guid":{"rendered":"https:\/\/linitiative.ca\/International\/98207-cycliste-africain-de-l-annee-2019-lagab-et-reguigui-parmi-les-15-nomines\/"},"modified":"2019-11-29T10:12:42","modified_gmt":"2019-11-29T15:12:42","slug":"98207-cycliste-africain-de-l-annee-2019-lagab-et-reguigui-parmi-les-15-nomines","status":"publish","type":"post","link":"https:\/\/linitiative.ca\/International\/98207-cycliste-africain-de-l-annee-2019-lagab-et-reguigui-parmi-les-15-nomines\/","title":{"rendered":"Cycliste africain de l&rsquo;ann\u00e9e-2019: Lagab et Reguigui parmi les 15 nomin\u00e9s"},"content":{"rendered":"<div readability=\"35\">\n<p><strong>LIBREVILLE &#8211; Les Alg\u00e9riens Youcef Reguigui (Terengganu Cycling Team) et Azzedine Lagab (VIB Sports) figurent parmi les quinze (15) cyclistes nomin\u00e9s pour le troph\u00e9e de Cycliste l&rsquo;ann\u00e9e -2019, d\u00e9voil\u00e9 vendredi par les organisateurs de la Tropicale Amissa Bongo.<\/strong><\/p>\n<\/div>\n<div readability=\"106\">\n<p>Les nomin\u00e9s disputeront la succession de Joseph Areruya (Rwanda \u2013 Delko Marseille), laur\u00e9at de l&rsquo;\u00e9dition 2018 et candidat \u00e0 sa propre succession.<\/p>\n<p>Les Alg\u00e9riens Reguigui et \u00e0 un degr\u00e9 moindre Lagab seront en concurrence avec les meilleurs du continent durant l&rsquo;ann\u00e9e 2019, \u00e0 l&rsquo;image de l&rsquo;Angolais Manuel Antonio Dario, surprenant vainqueur du Tour du Faso, de l&rsquo;Erythr\u00e9en Merhawi Kudus, laur\u00e9at du Tour du Rwanda, son compatriote Didier Munyaneza qui a gagn\u00e9 le Tour du S\u00e9n\u00e9gal il y a quelques semaines.<\/p>\n<p>Le prix de Cycliste africain de l\u2019ann\u00e9e se tient depuis 2012 et r\u00e9compense \u00ab\u00a0le coureur qui par ses r\u00e9sultats sur le continent et sur le reste de la plan\u00e8te, a le plus contribu\u00e9 \u00e0 faire rayonner et \u00e0 faire conna\u00eetre le cyclisme africain\u00a0\u00bb.<\/p>\n<p>Un jury de directeurs sportifs, d\u2019entra\u00eeneurs, de dirigeants, de coureurs africains, de journalistes africains et europ\u00e9ens vote pour le laur\u00e9at. C\u2019est l\u2019ancien champion fran\u00e7ais Bernard Hinault qui pr\u00e9side ce jury.<\/p>\n<p>Le laur\u00e9at 2019 sera connu, le 26 janvier 2020, \u00e0 l\u2019arriv\u00e9e de la derni\u00e8re \u00e9tape de la Tropicale Amissa Bongo.<\/p>\n<p><strong>Les 15 nomin\u00e9s:<\/strong><\/p>\n<p>Youcef Reguigui (Terengganu Cycling Team)<\/p>\n<p>Azzedine Lagab (VIB Sports)<\/p>\n<p>Joseph Areruya (Rwanda \u2013 Delko Marseille)<\/p>\n<p>Gustav Basson (Afrique du Sud \u2013 TEG)<\/p>\n<p>Natnael Berhane (Erythr\u00e9e \u2013 Cofidis)<\/p>\n<p>El Mehdi Chokri (Maroc \u2013 Dimension Data for Qhubeka)<\/p>\n<p>Isiaka Cisse (C\u00f4te d\u2019Ivoire)<\/p>\n<p>Manuel Antonio Dario (Angola \u2013 BAI Sicasal)<\/p>\n<p>Yakob Debesay (Erythr\u00e9e)<\/p>\n<p>Biniam Girmay (Erythr\u00e9e)<\/p>\n<p>Daryl Impey (Afrique du Sud \u2013 Michelton-Scott)<\/p>\n<p>Clovis Kamzong (Cameroun \u2013 SNH V\u00e9lo Club)<\/p>\n<p>Merhawi Kudus (Erythr\u00e9e \u2013 Astana)<\/p>\n<p>Didier Munyaneza (Rwanda)<\/p>\n<p>Bachirou Nikiema (Burkina Faso)<\/p>\n<p><strong>Palmar\u00e8s du Troph\u00e9e:<\/strong><\/p>\n<p>2012: Natnael Berhane (Erythr\u00e9e)<\/p>\n<p>2013: Louis Meintjes (Afrique du Sud)<\/p>\n<p>2014: Mekseb Debesay (Erythr\u00e9e)<\/p>\n<p>2015: Daniel Teklehaimanot (Erythr\u00e9e)<\/p>\n<p>2016: Tesfom Okubamariam (Ethiopie)<\/p>\n<p>2017: Louis Meintjes (Afrique du Sud)<\/p>\n<p>2018: Joseph Areruya (Rwanda).<\/p>\n<\/div>\n<p>Auteur:<br \/>\n<a href=\"http:\/\/www.aps.dz\/sport\/98207-cycliste-africain-de-l-annee-2019-lagab-et-reguigui-parmi-les-15-nomines?utm_source=feedburner&#038;utm_medium=feed&#038;utm_campaign=Feed%3A+aps-sport+%28APS+-+SPORT%29\">Cliquez ici pour lire l&rsquo;article depuis sa source.<\/a><\/p>\n","protected":false},"excerpt":{"rendered":"<p>LIBREVILLE &#8211; Les Alg\u00e9riens Youcef Reguigui (Terengganu Cycling Team) et Azzedine Lagab (VIB Sports) figurent parmi les quinze (15) cyclistes nomin\u00e9s pour le troph\u00e9e de Cycliste l&rsquo;ann\u00e9e -2019, d\u00e9voil\u00e9 vendredi par les organisateurs de la Tropicale Amissa Bongo. Les nomin\u00e9s disputeront la succession de Joseph Areruya (Rwanda \u2013 Delko Marseille), laur\u00e9at de l&rsquo;\u00e9dition 2018 et [&hellip;]<\/p>\n","protected":false},"author":1790,"featured_media":0,"comment_status":"closed","ping_status":"closed","sticky":false,"template":"","format":"standard","meta":{"fifu_image_url":"","fifu_image_alt":"","footnotes":""},"categories":[53,75],"tags":[],"class_list":["post-68877","post","type-post","status-publish","format-standard","hentry","category-algerie","category-sport"],"_links":{"self":[{"href":"https:\/\/linitiative.ca\/International\/wp-json\/wp\/v2\/posts\/68877","targetHints":{"allow":["GET"]}}],"collection":[{"href":"https:\/\/linitiative.ca\/International\/wp-json\/wp\/v2\/posts"}],"about":[{"href":"https:\/\/linitiative.ca\/International\/wp-json\/wp\/v2\/types\/post"}],"author":[{"embeddable":true,"href":"https:\/\/linitiative.ca\/International\/wp-json\/wp\/v2\/users\/1790"}],"replies":[{"embeddable":true,"href":"https:\/\/linitiative.ca\/International\/wp-json\/wp\/v2\/comments?post=68877"}],"version-history":[{"count":0,"href":"https:\/\/linitiative.ca\/International\/wp-json\/wp\/v2\/posts\/68877\/revisions"}],"wp:attachment":[{"href":"https:\/\/linitiative.ca\/International\/wp-json\/wp\/v2\/media?parent=68877"}],"wp:term":[{"taxonomy":"category","embeddable":true,"href":"https:\/\/linitiative.ca\/International\/wp-json\/wp\/v2\/categories?post=68877"},{"taxonomy":"post_tag","embeddable":true,"href":"https:\/\/linitiative.ca\/International\/wp-json\/wp\/v2\/tags?post=68877"}],"curies":[{"name":"wp","href":"https:\/\/api.w.org\/{rel}","templated":true}]}}