{"id":68878,"date":"2019-11-29T10:22:31","date_gmt":"2019-11-29T15:22:31","guid":{"rendered":"https:\/\/linitiative.ca\/International\/98208-affaire-daoud-messaoud-le-president-de-la-lac-obtient-gain-de-cause-aupres-du-tarls\/"},"modified":"2019-11-29T10:22:31","modified_gmt":"2019-11-29T15:22:31","slug":"98208-affaire-daoud-messaoud-le-president-de-la-lac-obtient-gain-de-cause-aupres-du-tarls","status":"publish","type":"post","link":"https:\/\/linitiative.ca\/International\/98208-affaire-daoud-messaoud-le-president-de-la-lac-obtient-gain-de-cause-aupres-du-tarls\/","title":{"rendered":"Affaire Daoud Messaoud: le pr\u00e9sident de la LAC obtient gain de cause aupr\u00e8s du TARLS"},"content":{"rendered":"<div readability=\"38\">\n<p><strong>ALGER &#8211; Le pr\u00e9sident de la Ligue alg\u00e9roise de cyclisme (LAC), Messaoud Daoud, suspendu un an par la F\u00e9d\u00e9ration alg\u00e9rienne de cyclisme (FAC) la mi-ao\u00fbt 2019 \u00ab\u00a0pour atteinte \u00e0 la stabilit\u00e9\u00a0\u00bb de cette instance, a annonc\u00e9 vendredi avoir obtenu gain de cause aupr\u00e8s du Tribunal Alg\u00e9rien du R\u00e8glement des Litiges Sportifs (TARLS).<\/strong><\/p>\n<\/div>\n<div readability=\"72\">\n<p>\u00ab\u00a0Il est port\u00e9 \u00e0 la connaissance des organes de presse qu&rsquo;en date du 24 novembre 2019, le TARLS s&rsquo;est prononc\u00e9 en faveur du pr\u00e9sident de la Ligue alg\u00e9roise de cyclisme, Messaoud Daoud, dans le conflit qui l&rsquo;opposait \u00e0 la F\u00e9d\u00e9ration\u00a0\u00bb a indiqu\u00e9 le premier responsable de la LAC dans un communiqu\u00e9, dont l&rsquo;APS d\u00e9tient une copie.<\/p>\n<p>\u00ab\u00a0Par cette d\u00e9cision irr\u00e9vocable et sans appel, Mr Daoud reprend donc sa qualit\u00e9 statutaire, avec toutes les pr\u00e9rogatives que lui conf\u00e8re la loi\u00a0\u00bb a-t-il encore ajout\u00e9.<\/p>\n<p>Les faits remontent au 10 juillet 2019, lorsque la FAC avait cit\u00e9 Messaoud Daoud \u00e0 comparaitre devant sa commission de discipline, pour s&rsquo;expliquer sur les griefs qui lui \u00e9taient reproch\u00e9s.<\/p>\n<p>Parmi eux, le fait d&rsquo;avoir outrepass\u00e9 ses pr\u00e9rogatives, en invitant un club espagnol \u00e0 participer au Grand Prix Cycliste d&rsquo;Alger, qu&rsquo;il souhaitait organiser, alors qu&rsquo;\u00e0 ce moment-l\u00e0, la F\u00e9d\u00e9ration \u00e9tait encore en veilleuse.<\/p>\n<p>La commission de discipline de la FAC, install\u00e9e le 3 juin dernier, pendant l&rsquo;Assembl\u00e9e g\u00e9n\u00e9rale ordinaire de l&rsquo;instance (AGO) qui s&rsquo;\u00e9tait tenue \u00e0 A\u00efn-Timouchent et qui \u00e9tait compos\u00e9e de Walid Keba\u00efli, Ahmed Zerguine et Hocine Zahar, avait rendu son verdict quelques jours apr\u00e8s l&rsquo;audition et avait d\u00e9cid\u00e9 d&rsquo;infliger \u00e0 Messaoud Daoud une suspension d&rsquo;un an, assortie d&rsquo;une amende de 100.000 DA.<\/p>\n<p>Le pr\u00e9sident de la LAC a alors d\u00e9cid\u00e9 de porter l&rsquo;affaire devant le Tribunal Alg\u00e9rien du R\u00e8glement des Litiges Sportifs, et qui a fini par lui donner gain de cause le 24 novembre courant.<\/p>\n<\/div>\n<p>Auteur:<br \/>\n<a href=\"http:\/\/www.aps.dz\/sport\/98208-affaire-daoud-messaoud-le-president-de-la-lac-obtient-gain-de-cause-aupres-du-tarls?utm_source=feedburner&#038;utm_medium=feed&#038;utm_campaign=Feed%3A+aps-sport+%28APS+-+SPORT%29\">Cliquez ici pour lire l&rsquo;article depuis sa source.<\/a><\/p>\n","protected":false},"excerpt":{"rendered":"<p>ALGER &#8211; Le pr\u00e9sident de la Ligue alg\u00e9roise de cyclisme (LAC), Messaoud Daoud, suspendu un an par la F\u00e9d\u00e9ration alg\u00e9rienne de cyclisme (FAC) la mi-ao\u00fbt 2019 \u00ab\u00a0pour atteinte \u00e0 la stabilit\u00e9\u00a0\u00bb de cette instance, a annonc\u00e9 vendredi avoir obtenu gain de cause aupr\u00e8s du Tribunal Alg\u00e9rien du R\u00e8glement des Litiges Sportifs (TARLS). \u00ab\u00a0Il est port\u00e9 [&hellip;]<\/p>\n","protected":false},"author":1790,"featured_media":0,"comment_status":"closed","ping_status":"closed","sticky":false,"template":"","format":"standard","meta":{"fifu_image_url":"","fifu_image_alt":"","footnotes":""},"categories":[53,75],"tags":[],"class_list":["post-68878","post","type-post","status-publish","format-standard","hentry","category-algerie","category-sport"],"_links":{"self":[{"href":"https:\/\/linitiative.ca\/International\/wp-json\/wp\/v2\/posts\/68878","targetHints":{"allow":["GET"]}}],"collection":[{"href":"https:\/\/linitiative.ca\/International\/wp-json\/wp\/v2\/posts"}],"about":[{"href":"https:\/\/linitiative.ca\/International\/wp-json\/wp\/v2\/types\/post"}],"author":[{"embeddable":true,"href":"https:\/\/linitiative.ca\/International\/wp-json\/wp\/v2\/users\/1790"}],"replies":[{"embeddable":true,"href":"https:\/\/linitiative.ca\/International\/wp-json\/wp\/v2\/comments?post=68878"}],"version-history":[{"count":0,"href":"https:\/\/linitiative.ca\/International\/wp-json\/wp\/v2\/posts\/68878\/revisions"}],"wp:attachment":[{"href":"https:\/\/linitiative.ca\/International\/wp-json\/wp\/v2\/media?parent=68878"}],"wp:term":[{"taxonomy":"category","embeddable":true,"href":"https:\/\/linitiative.ca\/International\/wp-json\/wp\/v2\/categories?post=68878"},{"taxonomy":"post_tag","embeddable":true,"href":"https:\/\/linitiative.ca\/International\/wp-json\/wp\/v2\/tags?post=68878"}],"curies":[{"name":"wp","href":"https:\/\/api.w.org\/{rel}","templated":true}]}}