{"id":68879,"date":"2019-11-29T11:11:24","date_gmt":"2019-11-29T16:11:24","guid":{"rendered":"https:\/\/linitiative.ca\/International\/98213-cyclisme-championnats-arabes-2019-les-selections-algeriennes-a-pied-d-oeuvre-en-egypte\/"},"modified":"2019-11-29T11:11:24","modified_gmt":"2019-11-29T16:11:24","slug":"98213-cyclisme-championnats-arabes-2019-les-selections-algeriennes-a-pied-d-oeuvre-en-egypte","status":"publish","type":"post","link":"https:\/\/linitiative.ca\/International\/98213-cyclisme-championnats-arabes-2019-les-selections-algeriennes-a-pied-d-oeuvre-en-egypte\/","title":{"rendered":"Cyclisme\/Championnats arabes 2019: les s\u00e9lections alg\u00e9riennes \u00e0 pied d&rsquo;\u0153uvre en Egypte"},"content":{"rendered":"<div readability=\"35\">\n<p><strong>LE CAIRE &#8211; La s\u00e9lections alg\u00e9riennes (cadets\/juniors\/seniors) de cyclisme sont \u00e0 pied d&rsquo;\u0153uvre en Egypte, en vue des Championnats arabes 2019, pr\u00e9vus 30 novembre au 6 d\u00e9cembre \u00e0 Alexandrie.<\/strong><\/p>\n<\/div>\n<div readability=\"67.2670157068\">\n<p>La s\u00e9lection seniors, compos\u00e9e d&rsquo;Azzedine Lagab, Sa\u00efdi Nassim, Abderrahmane Mansouri, Mohamed Bouzidi, Hamza Yacine et Oussama Cheblaoui \u00e9tait la premi\u00e8re \u00e0 se rendre sur les lieux, et d\u00e8s jeudi.<\/p>\n<p>Elle fut rejointe le lendemain en Egypte par le reste de la d\u00e9l\u00e9gation, comportant les s\u00e9lections de cadets, des juniors et des seniors dames, compos\u00e9e d&rsquo;A\u00efcha Tihar, Racha Belkacem Benounane et Lydia Kasmi.<\/p>\n<hr\/>\n<h3>Lire aussi:\u00a0<a href=\"http:\/\/www.aps.dz\/sport\/97774-cyclisme-championnats-arabes-2019-l-algerie-presente-avec-24-athletes-a-alexandrie\" target=\"_blank\" rel=\"noopener noreferrer\">Cyclisme \/ Championnats arabes 2019 : l&rsquo;Alg\u00e9rie pr\u00e9sente avec 24 athl\u00e8tes \u00e0 Alexandrie<\/a><\/h3>\n<hr\/>\n<p>La s\u00e9lection juniors (filles) quant \u00e0 elle se compose de Nour El Yassamine Bouzenzen et Nesrine Si-Yakoub, alors que celle des juniors (gar\u00e7ons) regroupait Youcef Fersedou, Zaki Boudar, Hamza Amari, Seddik Benganif, Youcef Boukhari et Ayoub Sahiri.<\/p>\n<p>Chez les cadets, la Direction technique nationale a s\u00e9lectionn\u00e9 Salah Eddine Cherki, Abdelkarim Ferkous, Belabsi Akram, Abdelatif Guerroudja, Mohamed Redouane Brinis et Iyad Benbrahim,\u00a0 alors que chez les filles, seule Nesrine Houili a \u00e9t\u00e9 s\u00e9lectionn\u00e9e.<\/p>\n<p>Mohamed Amari, membre du Bureau f\u00e9d\u00e9ral, a \u00e9t\u00e9 d\u00e9sign\u00e9 comme chef de la d\u00e9l\u00e9gation alg\u00e9rienne en Egypte.<\/p>\n<\/div>\n<p>Auteur:<br \/>\n<a href=\"http:\/\/www.aps.dz\/sport\/98213-cyclisme-championnats-arabes-2019-les-selections-algeriennes-a-pied-d-oeuvre-en-egypte?utm_source=feedburner&#038;utm_medium=feed&#038;utm_campaign=Feed%3A+aps-sport+%28APS+-+SPORT%29\">Cliquez ici pour lire l&rsquo;article depuis sa source.<\/a><\/p>\n","protected":false},"excerpt":{"rendered":"<p>LE CAIRE &#8211; La s\u00e9lections alg\u00e9riennes (cadets\/juniors\/seniors) de cyclisme sont \u00e0 pied d&rsquo;\u0153uvre en Egypte, en vue des Championnats arabes 2019, pr\u00e9vus 30 novembre au 6 d\u00e9cembre \u00e0 Alexandrie. La s\u00e9lection seniors, compos\u00e9e d&rsquo;Azzedine Lagab, Sa\u00efdi Nassim, Abderrahmane Mansouri, Mohamed Bouzidi, Hamza Yacine et Oussama Cheblaoui \u00e9tait la premi\u00e8re \u00e0 se rendre sur les lieux, [&hellip;]<\/p>\n","protected":false},"author":1790,"featured_media":0,"comment_status":"closed","ping_status":"closed","sticky":false,"template":"","format":"standard","meta":{"fifu_image_url":"","fifu_image_alt":"","footnotes":""},"categories":[53,75],"tags":[],"class_list":["post-68879","post","type-post","status-publish","format-standard","hentry","category-algerie","category-sport"],"_links":{"self":[{"href":"https:\/\/linitiative.ca\/International\/wp-json\/wp\/v2\/posts\/68879","targetHints":{"allow":["GET"]}}],"collection":[{"href":"https:\/\/linitiative.ca\/International\/wp-json\/wp\/v2\/posts"}],"about":[{"href":"https:\/\/linitiative.ca\/International\/wp-json\/wp\/v2\/types\/post"}],"author":[{"embeddable":true,"href":"https:\/\/linitiative.ca\/International\/wp-json\/wp\/v2\/users\/1790"}],"replies":[{"embeddable":true,"href":"https:\/\/linitiative.ca\/International\/wp-json\/wp\/v2\/comments?post=68879"}],"version-history":[{"count":0,"href":"https:\/\/linitiative.ca\/International\/wp-json\/wp\/v2\/posts\/68879\/revisions"}],"wp:attachment":[{"href":"https:\/\/linitiative.ca\/International\/wp-json\/wp\/v2\/media?parent=68879"}],"wp:term":[{"taxonomy":"category","embeddable":true,"href":"https:\/\/linitiative.ca\/International\/wp-json\/wp\/v2\/categories?post=68879"},{"taxonomy":"post_tag","embeddable":true,"href":"https:\/\/linitiative.ca\/International\/wp-json\/wp\/v2\/tags?post=68879"}],"curies":[{"name":"wp","href":"https:\/\/api.w.org\/{rel}","templated":true}]}}