{"id":68881,"date":"2019-11-29T11:15:00","date_gmt":"2019-11-29T16:15:00","guid":{"rendered":"https:\/\/linitiative.ca\/International\/affaire-du-concert-de-soolking-3-mois-de-prison-ferme-pour-lex-dg-de-londa\/"},"modified":"2019-11-29T11:15:00","modified_gmt":"2019-11-29T16:15:00","slug":"affaire-du-concert-de-soolking-3-mois-de-prison-ferme-pour-lex-dg-de-londa","status":"publish","type":"post","link":"https:\/\/linitiative.ca\/International\/affaire-du-concert-de-soolking-3-mois-de-prison-ferme-pour-lex-dg-de-londa\/","title":{"rendered":"AFFAIRE DU CONCERT DE SOOLKING : 3 mois de prison ferme  pour l&rsquo;ex-DG de l&rsquo;ONDA"},"content":{"rendered":"<p><br id=\"sep_para_1\" class=\"sep_para access\"\/><\/p>\n<div id=\"para_1\" class=\"para_34275779 resize\">\n<div class=\"texte access firstletter\">L&rsquo;ex-directeur g\u00e9n\u00e9ral de l&rsquo;Office national des droits d&rsquo;auteurs (ONDA), Samy Benchikh, a \u00e9t\u00e9 condamn\u00e9 par le tribunal de Sidi M&rsquo;hamed (Alger) \u00e0 une peine de six (6) mois de prison, dont trois (3) avec sursis, et une amende de 50.000 DA dans l&rsquo;affaire du concert du rappeur alg\u00e9rien Soolking. Trois autres responsables ont \u00e9cop\u00e9 chacun de six (06) mois d&#8217;emprisonnement, dont (04) avec sursis et d&rsquo;une amende de 50.000 DA. Ces derniers ayant \u00e9t\u00e9 charg\u00e9s, lors du concert, de veiller aux aspects organisationnel et s\u00e9curitaire de l&rsquo;\u00e9v\u00e9nement ainsi qu&rsquo;\u00e0 la v\u00e9rification des tickets d&rsquo;entr\u00e9e. A l&rsquo;encontre de la soci\u00e9t\u00e9 priv\u00e9e organisatrice du spectacle, le tribunal a prononc\u00e9 une amende de 500.000 DA, alors que les autres accus\u00e9s ont \u00e9t\u00e9 acquitt\u00e9s. L&rsquo;affaire remonte au 22 ao\u00fbt dernier lorsque cinq (5) personnes avaient p\u00e9ri et plusieurs autres bless\u00e9es dans une bousculade \u00e0 l&rsquo;entr\u00e9e du stade du 20 ao\u00fbt 1955 (Alger) qui avait abrit\u00e9 le concert.\u00a0\u00a0\u00a0\u00a0\u00a0\u00a0<\/div>\n<\/div>\n<p>Auteur: Nadine<br \/>\n<a href=\"https:\/\/www.reflexiondz.net\/AFFAIRE-DU-CONCERT-DE-SOOLKING-3-mois-de-prison-ferme-pour-l-ex-DG-de-l-ONDA_a59092.html\">Cliquez ici pour lire l&rsquo;article depuis sa source.<\/a><\/p>\n","protected":false},"excerpt":{"rendered":"<p>L&rsquo;ex-directeur g\u00e9n\u00e9ral de l&rsquo;Office national des droits d&rsquo;auteurs (ONDA), Samy Benchikh, a \u00e9t\u00e9 condamn\u00e9 par le tribunal de Sidi M&rsquo;hamed (Alger) \u00e0 une peine de six (6) mois de prison, dont trois (3) avec sursis, et une amende de 50.000 DA dans l&rsquo;affaire du concert du rappeur alg\u00e9rien Soolking. Trois autres responsables ont \u00e9cop\u00e9 chacun [&hellip;]<\/p>\n","protected":false},"author":1740,"featured_media":0,"comment_status":"closed","ping_status":"closed","sticky":false,"template":"","format":"standard","meta":{"fifu_image_url":"","fifu_image_alt":"","footnotes":""},"categories":[53,76],"tags":[],"class_list":["post-68881","post","type-post","status-publish","format-standard","hentry","category-algerie","category-regions"],"_links":{"self":[{"href":"https:\/\/linitiative.ca\/International\/wp-json\/wp\/v2\/posts\/68881","targetHints":{"allow":["GET"]}}],"collection":[{"href":"https:\/\/linitiative.ca\/International\/wp-json\/wp\/v2\/posts"}],"about":[{"href":"https:\/\/linitiative.ca\/International\/wp-json\/wp\/v2\/types\/post"}],"author":[{"embeddable":true,"href":"https:\/\/linitiative.ca\/International\/wp-json\/wp\/v2\/users\/1740"}],"replies":[{"embeddable":true,"href":"https:\/\/linitiative.ca\/International\/wp-json\/wp\/v2\/comments?post=68881"}],"version-history":[{"count":0,"href":"https:\/\/linitiative.ca\/International\/wp-json\/wp\/v2\/posts\/68881\/revisions"}],"wp:attachment":[{"href":"https:\/\/linitiative.ca\/International\/wp-json\/wp\/v2\/media?parent=68881"}],"wp:term":[{"taxonomy":"category","embeddable":true,"href":"https:\/\/linitiative.ca\/International\/wp-json\/wp\/v2\/categories?post=68881"},{"taxonomy":"post_tag","embeddable":true,"href":"https:\/\/linitiative.ca\/International\/wp-json\/wp\/v2\/tags?post=68881"}],"curies":[{"name":"wp","href":"https:\/\/api.w.org\/{rel}","templated":true}]}}