{"id":68882,"date":"2019-11-29T11:17:00","date_gmt":"2019-11-29T16:17:00","guid":{"rendered":"https:\/\/linitiative.ca\/International\/la-librairie-du-chef-des-salafistes-mohamed-ali-ferkous-fermee\/"},"modified":"2019-11-29T11:17:00","modified_gmt":"2019-11-29T16:17:00","slug":"la-librairie-du-chef-des-salafistes-mohamed-ali-ferkous-fermee","status":"publish","type":"post","link":"https:\/\/linitiative.ca\/International\/la-librairie-du-chef-des-salafistes-mohamed-ali-ferkous-fermee\/","title":{"rendered":"La librairie du chef des salafistes, Mohamed Ali Ferkous, ferm\u00e9e"},"content":{"rendered":"<p><br id=\"sep_para_1\" class=\"sep_para access\"\/><\/p>\n<div id=\"para_1\" class=\"para_34275803 resize\">\n<div class=\"texte access firstletter\">Le local dans lequel il exer\u00e7ait son commerce situ\u00e9 \u00e0 Kouba a \u00e9t\u00e9 ferm\u00e9 par le minist\u00e8re du Commerce. Ce local servait en r\u00e9alit\u00e9 de QG \u00e0 tous les salafistes d\u2019Alg\u00e9rie qui se r\u00e9unissaient chaque jour apr\u00e8s la pri\u00e8re du matin. Des \u00abcours religieux\u00bb \u00e9taient m\u00eame donn\u00e9s par ce pr\u00e9dicateur salafiste. Auteur de fatwas controvers\u00e9es, Ali Ferkous a \u00e9t\u00e9 interdit d\u2019exercer comme imam dans les mosqu\u00e9es. Dans une contribution sur page Facebook,\u00a0 le pr\u00e9dicateur salafiste se propose de \u00abmettre la lumi\u00e8re\u00bb sur ce qu\u2019il d\u00e9finit \u00eatre la communaut\u00e9 de la sunna en excluant de nombreuses cat\u00e9gories sociales. Ferkous \u00e9carte par exemple ceux qui recourent aux gr\u00e8ves et aux manifestations ou encore ceux qui militent pour les droits des femmes. Le pr\u00e9dicateur salafiste a d\u00e9j\u00e0 fait parler de lui \u00e0 maintes reprises. L\u2019ancien ministre des Affaires religieuses, Bouabdellah Ghlamallah avait relev\u00e9 la d\u00e9signation par l\u2019Arabie saoudite de Mohamed Ali Ferkous comme repr\u00e9sentant de la mouvance salafiste en Alg\u00e9rie : \u00abCelui qui a d\u00e9sign\u00e9 Ferkous en tant que repr\u00e9sentant du courant salafiste en Alg\u00e9rie est l\u2019invit\u00e9 de l\u2019universit\u00e9 d\u2019Oum El Bouaghi et ce m\u00eame Ferkous pr\u00eache toujours dans une mosqu\u00e9e\u00bb, avait d\u00e9clar\u00e9 le pr\u00e9sident du Haut conseil islamique (HCI). En 2018, Ali Ferkous a publi\u00e9, sur son site internet, un avis religieux controvers\u00e9. Dans une rubrique du m\u00eame site intitul\u00e9e \u00abla contribution mensuelle\u00bb, Ferkous a d\u00e9sign\u00e9 les manifestants, les protestataires et les gr\u00e9vistes d\u2019innovateurs, les \u00e9cartant, par l\u00e0 m\u00eame, d\u2019Ahl As-Sounna oua Al Jama\u2019a, (fid\u00e8les adeptes de la tradition proph\u00e9tique). Le salafiste ne s\u2019arr\u00eate pas l\u00e0, puisqu\u2019il d\u00e9clare que les d\u00e9fenseurs des droits de l\u2019homme, ceux des droits des femmes, les d\u00e9mocrates et les militants qui activent pour le rapprochement entre les religions comme \u00abennemis de la foi musulmane\u00bb. L\u2019Alg\u00e9rie \u00ab ne connait pas d\u2019imams salafistes, Malikites ou de Fr\u00e8res musulmans \u00bb, avait assur\u00e9 lundi 23 avril 2018, l\u2019ex-ministre des Affaires religieuses, Mohamed A\u00efssa, en d\u00e9placement \u00e0 Gharda\u00efa. Interrog\u00e9 sur Ali Ferkous, d\u00e9sign\u00e9 chef du Salafisme en Alg\u00e9rie par le pr\u00e9dicateur saoudien Ben Hadi Ben Ali Al-Madkhali, le ministre a r\u00e9pondu que \u00ab cet individu n\u2019est plus reconnu comme imam dans les mosqu\u00e9es alg\u00e9riennes depuis un an \u00bb. \u00ab L\u2019imam reconnu dans les mosqu\u00e9es alg\u00e9riennes est celui qui puise son r\u00e9f\u00e9rent religieux depuis le livre et la sunna, afin de servir les int\u00e9r\u00eats de son pays \u00bb, avait indiqu\u00e9 Mohamed A\u00efssa, pr\u00e9cisant que \u00ab ceux qui suivent des courants autres que celui du livre et de la sunna seront refus\u00e9s \u00bb. D\u2019ailleurs, selon lui, \u00ab plusieurs imams ont \u00e9t\u00e9 refus\u00e9s (dont Ali Ferkous)\u00bb.<\/div>\n<\/div>\n<p>Auteur: R\u00e9flexion<br \/>\n<a href=\"https:\/\/www.reflexiondz.net\/La-librairie-du-chef-des-salafistes-Mohamed-Ali-Ferkous-fermee_a59099.html\">Cliquez ici pour lire l&rsquo;article depuis sa source.<\/a><\/p>\n","protected":false},"excerpt":{"rendered":"<p>Le local dans lequel il exer\u00e7ait son commerce situ\u00e9 \u00e0 Kouba a \u00e9t\u00e9 ferm\u00e9 par le minist\u00e8re du Commerce. Ce local servait en r\u00e9alit\u00e9 de QG \u00e0 tous les salafistes d\u2019Alg\u00e9rie qui se r\u00e9unissaient chaque jour apr\u00e8s la pri\u00e8re du matin. Des \u00abcours religieux\u00bb \u00e9taient m\u00eame donn\u00e9s par ce pr\u00e9dicateur salafiste. Auteur de fatwas controvers\u00e9es, [&hellip;]<\/p>\n","protected":false},"author":1740,"featured_media":0,"comment_status":"closed","ping_status":"closed","sticky":false,"template":"","format":"standard","meta":{"fifu_image_url":"","fifu_image_alt":"","footnotes":""},"categories":[53,76],"tags":[],"class_list":["post-68882","post","type-post","status-publish","format-standard","hentry","category-algerie","category-regions"],"_links":{"self":[{"href":"https:\/\/linitiative.ca\/International\/wp-json\/wp\/v2\/posts\/68882","targetHints":{"allow":["GET"]}}],"collection":[{"href":"https:\/\/linitiative.ca\/International\/wp-json\/wp\/v2\/posts"}],"about":[{"href":"https:\/\/linitiative.ca\/International\/wp-json\/wp\/v2\/types\/post"}],"author":[{"embeddable":true,"href":"https:\/\/linitiative.ca\/International\/wp-json\/wp\/v2\/users\/1740"}],"replies":[{"embeddable":true,"href":"https:\/\/linitiative.ca\/International\/wp-json\/wp\/v2\/comments?post=68882"}],"version-history":[{"count":0,"href":"https:\/\/linitiative.ca\/International\/wp-json\/wp\/v2\/posts\/68882\/revisions"}],"wp:attachment":[{"href":"https:\/\/linitiative.ca\/International\/wp-json\/wp\/v2\/media?parent=68882"}],"wp:term":[{"taxonomy":"category","embeddable":true,"href":"https:\/\/linitiative.ca\/International\/wp-json\/wp\/v2\/categories?post=68882"},{"taxonomy":"post_tag","embeddable":true,"href":"https:\/\/linitiative.ca\/International\/wp-json\/wp\/v2\/tags?post=68882"}],"curies":[{"name":"wp","href":"https:\/\/api.w.org\/{rel}","templated":true}]}}