{"id":68883,"date":"2019-11-29T11:17:00","date_gmt":"2019-11-29T16:17:00","guid":{"rendered":"https:\/\/linitiative.ca\/International\/le-nouveau-sg-de-lindustrie-limoge-48-h-apres-sa-nomination\/"},"modified":"2019-11-29T11:17:00","modified_gmt":"2019-11-29T16:17:00","slug":"le-nouveau-sg-de-lindustrie-limoge-48-h-apres-sa-nomination","status":"publish","type":"post","link":"https:\/\/linitiative.ca\/International\/le-nouveau-sg-de-lindustrie-limoge-48-h-apres-sa-nomination\/","title":{"rendered":"Le nouveau SG de l\u2019industrie limog\u00e9 48 h apr\u00e8s sa nomination !"},"content":{"rendered":"<p><br id=\"sep_para_1\" class=\"sep_para access\"\/><\/p>\n<div id=\"para_1\" class=\"para_34275800 resize\">\n<div class=\"texte access firstletter\">Rien ne va plus au sommet du minist\u00e8re de l\u2019Industrie qui enregistre une vague de limogeages qui reste difficile \u00e0 expliquer pour l\u2019heure. Apr\u00e8s le limogeage de\u00a0 Ali Oumellal dimanche dernier, c\u2019est le nouveau SG Aissaoui Mohamed Cherif, qui \u00e0 son tour vient d\u2019\u00eatre limog\u00e9 par Djamila Tamazirt. Ainsi, la ministre de l\u2019industrie, Djamila Tamazirt a mis fin aux fonctions du tout nouveau secr\u00e9taire g\u00e9n\u00e9ral install\u00e9 il y a \u00e0 peine 48 heures. En effet, \u00e0 peine nomm\u00e9 (25 novembre) en remplacement de Ali Oumellal, limog\u00e9 dimanche 24 novembre par le premier ministre, un diff\u00e9rent a \u00e9clat\u00e9 entre la ministre et son nouveau SG, Aissaoui Mohamed Cherif. Selon le site Ennahar Online, qui cite des sources internes, un diff\u00e9rend a \u00e9clat\u00e9 entre la ministre et le nouveau SG portant sur les modes de gestion du d\u00e9partement. Il aurait remis sa d\u00e9mission.<\/div>\n<\/div>\n<p>Auteur: R\u00e9flexion<br \/>\n<a href=\"https:\/\/www.reflexiondz.net\/Le-nouveau-SG-de-l-industrie-limoge-48-h-apres-sa-nomination-_a59098.html\">Cliquez ici pour lire l&rsquo;article depuis sa source.<\/a><\/p>\n","protected":false},"excerpt":{"rendered":"<p>Rien ne va plus au sommet du minist\u00e8re de l\u2019Industrie qui enregistre une vague de limogeages qui reste difficile \u00e0 expliquer pour l\u2019heure. Apr\u00e8s le limogeage de\u00a0 Ali Oumellal dimanche dernier, c\u2019est le nouveau SG Aissaoui Mohamed Cherif, qui \u00e0 son tour vient d\u2019\u00eatre limog\u00e9 par Djamila Tamazirt. Ainsi, la ministre de l\u2019industrie, Djamila Tamazirt [&hellip;]<\/p>\n","protected":false},"author":1740,"featured_media":0,"comment_status":"closed","ping_status":"closed","sticky":false,"template":"","format":"standard","meta":{"fifu_image_url":"","fifu_image_alt":"","footnotes":""},"categories":[53,76],"tags":[],"class_list":["post-68883","post","type-post","status-publish","format-standard","hentry","category-algerie","category-regions"],"_links":{"self":[{"href":"https:\/\/linitiative.ca\/International\/wp-json\/wp\/v2\/posts\/68883","targetHints":{"allow":["GET"]}}],"collection":[{"href":"https:\/\/linitiative.ca\/International\/wp-json\/wp\/v2\/posts"}],"about":[{"href":"https:\/\/linitiative.ca\/International\/wp-json\/wp\/v2\/types\/post"}],"author":[{"embeddable":true,"href":"https:\/\/linitiative.ca\/International\/wp-json\/wp\/v2\/users\/1740"}],"replies":[{"embeddable":true,"href":"https:\/\/linitiative.ca\/International\/wp-json\/wp\/v2\/comments?post=68883"}],"version-history":[{"count":0,"href":"https:\/\/linitiative.ca\/International\/wp-json\/wp\/v2\/posts\/68883\/revisions"}],"wp:attachment":[{"href":"https:\/\/linitiative.ca\/International\/wp-json\/wp\/v2\/media?parent=68883"}],"wp:term":[{"taxonomy":"category","embeddable":true,"href":"https:\/\/linitiative.ca\/International\/wp-json\/wp\/v2\/categories?post=68883"},{"taxonomy":"post_tag","embeddable":true,"href":"https:\/\/linitiative.ca\/International\/wp-json\/wp\/v2\/tags?post=68883"}],"curies":[{"name":"wp","href":"https:\/\/api.w.org\/{rel}","templated":true}]}}