{"id":68884,"date":"2019-11-29T11:17:00","date_gmt":"2019-11-29T16:17:00","guid":{"rendered":"https:\/\/linitiative.ca\/International\/belaid-clashe-lex-premier-ministre-ouyahia\/"},"modified":"2019-11-29T11:17:00","modified_gmt":"2019-11-29T16:17:00","slug":"belaid-clashe-lex-premier-ministre-ouyahia","status":"publish","type":"post","link":"https:\/\/linitiative.ca\/International\/belaid-clashe-lex-premier-ministre-ouyahia\/","title":{"rendered":"Belaid \u2018\u2019clashe\u2019\u2019  l\u2019ex-premier  ministre Ouyahia"},"content":{"rendered":"<p><br id=\"sep_para_1\" class=\"sep_para access\"\/><\/p>\n<div id=\"para_1\" class=\"para_34275799 resize\">\n<div class=\"photo shadow left\"><a href=\"javascript:void(0)\" rel=\"https:\/\/www.reflexiondz.net\/photo\/art\/grande\/40213173-34275799.jpg?v=1575059381&#038;ibox\" title=\"Belaid \u2018\u2019clashe\u2019\u2019 l\u2019ex-premier ministre Ouyahia\"><img decoding=\"async\" class=\"responsive c9\" src=\"https:\/\/www.reflexiondz.net\/photo\/art\/grande\/40213173-34275799.jpg?v=1575059381\" alt=\"Belaid \u2018\u2019clashe\u2019\u2019 l\u2019ex-premier ministre Ouyahia\" title=\"Belaid \u2018\u2019clashe\u2019\u2019 l\u2019ex-premier ministre Ouyahia\"\/><img decoding=\"async\" class=\"not-responsive\" src=\"https:\/\/www.reflexiondz.net\/photo\/art\/default\/40213173-34275799.jpg?v=1575059383\" alt=\"Belaid \u2018\u2019clashe\u2019\u2019 l\u2019ex-premier ministre Ouyahia\" title=\"Belaid \u2018\u2019clashe\u2019\u2019 l\u2019ex-premier ministre Ouyahia\"\/><\/a><\/div>\n<div class=\"texte access firstletter\">Abdelaziz Belaid candidat \u00e0 la pr\u00e9sidentielle de 2019\u00a0 a \u00e9t\u00e9\u00a0 ce vendredi 29 novembre \u00e0 M\u2019sila o\u00f9 il a tenu\u00a0 un meeting entrant dans le cadre de la campagne \u00e0 la Pr\u00e9sidentielle 2019. Lors de son intervention au niveau de la maison de la culture Guenfoud Hamlaoui, le candidat n\u2019a pas manqu\u00e9 de paraphraser l\u2019ex premier ministre Ahmed Ouyahia actuellement en d\u00e9tention \u00e0 la prison d\u2019en El-Harrach. \u00ab L\u2019\u00e8re de -affame ton chien, il te suivra- est r\u00e9volue \u00bb, a-t-il lanc\u00e9 \u00e0 l\u2019assistance. Allusion \u00e0 la fameuse phrase de celui qui n\u2019aura pas cess\u00e9 de soigner son image ha\u00efssable durant toute la p\u00e9riode o\u00f9 il r\u00e9gnait sur le premier minist\u00e8re. Lors de ce meeting, le candidat \u00e9voquera la bureaucratie qui gangr\u00e8ne, a-t-il dit, tous les secteurs et pans de la soci\u00e9t\u00e9 en indiquant : \u00ab la bureaucratie a n\u00e9cros\u00e9 tous les secteurs et a fortement contribu\u00e9 \u00e0 propager la corruption \u00bb.<\/div>\n<\/div>\n<p>Auteur: R\u00e9flexion<br \/>\n<a href=\"https:\/\/www.reflexiondz.net\/Belaid-clashe-l-ex-premier-ministre-Ouyahia_a59097.html\">Cliquez ici pour lire l&rsquo;article depuis sa source.<\/a><\/p>\n","protected":false},"excerpt":{"rendered":"<p>Abdelaziz Belaid candidat \u00e0 la pr\u00e9sidentielle de 2019\u00a0 a \u00e9t\u00e9\u00a0 ce vendredi 29 novembre \u00e0 M\u2019sila o\u00f9 il a tenu\u00a0 un meeting entrant dans le cadre de la campagne \u00e0 la Pr\u00e9sidentielle 2019. Lors de son intervention au niveau de la maison de la culture Guenfoud Hamlaoui, le candidat n\u2019a pas manqu\u00e9 de paraphraser l\u2019ex [&hellip;]<\/p>\n","protected":false},"author":1740,"featured_media":0,"comment_status":"closed","ping_status":"closed","sticky":false,"template":"","format":"standard","meta":{"fifu_image_url":"","fifu_image_alt":"","footnotes":""},"categories":[53,76],"tags":[],"class_list":["post-68884","post","type-post","status-publish","format-standard","hentry","category-algerie","category-regions"],"_links":{"self":[{"href":"https:\/\/linitiative.ca\/International\/wp-json\/wp\/v2\/posts\/68884","targetHints":{"allow":["GET"]}}],"collection":[{"href":"https:\/\/linitiative.ca\/International\/wp-json\/wp\/v2\/posts"}],"about":[{"href":"https:\/\/linitiative.ca\/International\/wp-json\/wp\/v2\/types\/post"}],"author":[{"embeddable":true,"href":"https:\/\/linitiative.ca\/International\/wp-json\/wp\/v2\/users\/1740"}],"replies":[{"embeddable":true,"href":"https:\/\/linitiative.ca\/International\/wp-json\/wp\/v2\/comments?post=68884"}],"version-history":[{"count":0,"href":"https:\/\/linitiative.ca\/International\/wp-json\/wp\/v2\/posts\/68884\/revisions"}],"wp:attachment":[{"href":"https:\/\/linitiative.ca\/International\/wp-json\/wp\/v2\/media?parent=68884"}],"wp:term":[{"taxonomy":"category","embeddable":true,"href":"https:\/\/linitiative.ca\/International\/wp-json\/wp\/v2\/categories?post=68884"},{"taxonomy":"post_tag","embeddable":true,"href":"https:\/\/linitiative.ca\/International\/wp-json\/wp\/v2\/tags?post=68884"}],"curies":[{"name":"wp","href":"https:\/\/api.w.org\/{rel}","templated":true}]}}