{"id":68890,"date":"2019-11-29T07:17:00","date_gmt":"2019-11-29T12:17:00","guid":{"rendered":"https:\/\/linitiative.ca\/International\/arp-les-nouveaux-blocs-parlementaires-et-leurs-presidents\/"},"modified":"2019-11-29T07:17:00","modified_gmt":"2019-11-29T12:17:00","slug":"arp-les-nouveaux-blocs-parlementaires-et-leurs-presidents","status":"publish","type":"post","link":"https:\/\/linitiative.ca\/International\/arp-les-nouveaux-blocs-parlementaires-et-leurs-presidents\/","title":{"rendered":"ARP : Les nouveaux blocs parlementaires et leurs pr\u00e9sidents"},"content":{"rendered":"<p>L\u2019ARP\u00a0 a annonc\u00e9, vendredi 29 Novembre 2019, la composition des blocs parlementaires, ainsi que leurs pr\u00e9sidents respectifs.<\/p>\n<p>Voici la liste des blocs et leurs pr\u00e9sidents :<\/p>\n<p class=\"c3\"><span class=\"c2\">\u2022<\/span> <span class=\"c2\"><strong>Bloc d\u2019Ennahdha :<\/strong><\/span> 54 d\u00e9put\u00e9s, pr\u00e9sid\u00e9 par <strong><em>Noureddine Bhiri<\/em><\/strong><\/p>\n<p class=\"c3\"><span class=\"c2\">\u2022<\/span> <span class=\"c2\"><strong>Bloc d\u00e9mocratique :<\/strong><\/span> 41 d\u00e9put\u00e9s, pr\u00e9sid\u00e9 par <em><strong>Ghazi chaouachi<\/strong><\/em><\/p>\n<p class=\"c3\"><span class=\"c2\">\u2022<\/span> <span class=\"c2\"><strong>Bloc du parti 9alb Tounes :<\/strong><\/span> 38 d\u00e9put\u00e9s, pr\u00e9sid\u00e9 par <strong><em>Hatem Mliki<\/em><\/strong><\/p>\n<p class=\"c3\"><span class=\"c2\">\u2022<\/span> <span class=\"c2\"><strong>Bloc de la coalition pour la dignit\u00e9 (Etilaf Al Karama) :<\/strong><\/span> 21 d\u00e9put\u00e9s, pr\u00e9sid\u00e9 par <em><strong>Seif Eddine Makhlouf<\/strong><\/em><\/p>\n<p class=\"c3\"><span class=\"c2\">\u2022<\/span> <span class=\"c2\"><strong>Bloc du Parti Destourien Libre :<\/strong><\/span> 17 d\u00e9put\u00e9s, pr\u00e9sid\u00e9 par <em><strong>AbirMoussi<\/strong><\/em><\/p>\n<p class=\"c3\"><span class=\"c2\">\u2022<\/span> <span class=\"c2\"><strong>Bloc de la R\u00e9forme Nationale:<\/strong><\/span> 15 d\u00e9put\u00e9s, pr\u00e9sid\u00e9 par <em><strong>HsounaNasfi<\/strong><\/em><\/p>\n<p class=\"c3\"><span class=\"c2\">\u2022<\/span> <span class=\"c2\"><strong>Bloc de TahyaTounes :<\/strong><\/span> 14 d\u00e9put\u00e9s, pr\u00e9sid\u00e9 par <em><strong>Mostapha Ben Hmed<\/strong><\/em><\/p>\n<p class=\"c3\"><span class=\"c2\">\u2022<\/span> <span class=\"c2\"><strong>Bloc de l\u2019Avenir :<\/strong><\/span> 09 membres, pr\u00e9sid\u00e9 par <em><strong>Adn\u00e8ne Brahim<\/strong><\/em><\/p>\n<p>A noter que 8 d\u00e9put\u00e9s n&rsquo;ont rejoint aucun bloc parlementaire, demeurant ind\u00e9pendants.<\/p>\n<p>Auteur:<br \/>\n<a href=\"https:\/\/www.leaders.com.tn\/article\/28524-arp-liste-des-nouveaux-blocs-parlementaires-et-leurs-presidents\">Cliquez ici pour lire l&rsquo;article depuis sa source.<\/a><\/p>\n","protected":false},"excerpt":{"rendered":"<p>L\u2019ARP\u00a0 a annonc\u00e9, vendredi 29 Novembre 2019, la composition des blocs parlementaires, ainsi que leurs pr\u00e9sidents respectifs. Voici la liste des blocs et leurs pr\u00e9sidents : \u2022 Bloc d\u2019Ennahdha : 54 d\u00e9put\u00e9s, pr\u00e9sid\u00e9 par Noureddine Bhiri \u2022 Bloc d\u00e9mocratique : 41 d\u00e9put\u00e9s, pr\u00e9sid\u00e9 par Ghazi chaouachi \u2022 Bloc du parti 9alb Tounes : 38 d\u00e9put\u00e9s, [&hellip;]<\/p>\n","protected":false},"author":1772,"featured_media":0,"comment_status":"closed","ping_status":"closed","sticky":false,"template":"","format":"standard","meta":{"fifu_image_url":"","fifu_image_alt":"","footnotes":""},"categories":[73,55],"tags":[],"class_list":["post-68890","post","type-post","status-publish","format-standard","hentry","category-actualite","category-tunisie"],"_links":{"self":[{"href":"https:\/\/linitiative.ca\/International\/wp-json\/wp\/v2\/posts\/68890","targetHints":{"allow":["GET"]}}],"collection":[{"href":"https:\/\/linitiative.ca\/International\/wp-json\/wp\/v2\/posts"}],"about":[{"href":"https:\/\/linitiative.ca\/International\/wp-json\/wp\/v2\/types\/post"}],"author":[{"embeddable":true,"href":"https:\/\/linitiative.ca\/International\/wp-json\/wp\/v2\/users\/1772"}],"replies":[{"embeddable":true,"href":"https:\/\/linitiative.ca\/International\/wp-json\/wp\/v2\/comments?post=68890"}],"version-history":[{"count":0,"href":"https:\/\/linitiative.ca\/International\/wp-json\/wp\/v2\/posts\/68890\/revisions"}],"wp:attachment":[{"href":"https:\/\/linitiative.ca\/International\/wp-json\/wp\/v2\/media?parent=68890"}],"wp:term":[{"taxonomy":"category","embeddable":true,"href":"https:\/\/linitiative.ca\/International\/wp-json\/wp\/v2\/categories?post=68890"},{"taxonomy":"post_tag","embeddable":true,"href":"https:\/\/linitiative.ca\/International\/wp-json\/wp\/v2\/tags?post=68890"}],"curies":[{"name":"wp","href":"https:\/\/api.w.org\/{rel}","templated":true}]}}