{"id":68891,"date":"2019-11-29T10:28:00","date_gmt":"2019-11-29T15:28:00","guid":{"rendered":"https:\/\/linitiative.ca\/International\/mohamed-ben-youssef-directeur-general-monde-arabe-et-islamique\/"},"modified":"2019-11-29T10:28:00","modified_gmt":"2019-11-29T15:28:00","slug":"mohamed-ben-youssef-directeur-general-monde-arabe-et-islamique","status":"publish","type":"post","link":"https:\/\/linitiative.ca\/International\/mohamed-ben-youssef-directeur-general-monde-arabe-et-islamique\/","title":{"rendered":"Mohamed Ben Youssef Directeur g\u00e9n\u00e9ral Monde arabe et islamique"},"content":{"rendered":"<p>En 27 ans de carri\u00e8re diplomatique, l\u2019ambassadeur Mohamed Ben Youssef en a fait sa grande sp\u00e9cialit\u00e9. Depuis son int\u00e9gration en 1992 au minist\u00e8re des Affaires \u00e9trang\u00e8res, ce juriste de formation n\u2019a cess\u00e9 d\u2019encha\u00eener les affectations \u00e0 l\u2019\u00e9tranger, \u00e0 des fonctions relatives au monde arabe et islamique. Jusque-l\u00e0 chef de cabinet du ministre (2019), il \u00e9tait auparavant en poste \u00e0 Damas et Amman, directeur en charge de la Ligue des Etats arabes et des organisations arabes et islamiques (2011-2013) puis ambassadeur \u00e0 Bahre\u00efn (2013-2018).<\/p>\n<p class=\"c2\"><strong><a href=\"https:\/\/www.leaders.com.tn\/le_mensuel_abonnez_vous\" target=\"_blank\" rel=\"noopener noreferrer\"><img loading=\"lazy\" decoding=\"async\" src=\"\/uploads\/FCK_files\/Bandeau-Leaders-1-copie(23).jpg\" alt=\"\" width=\"500\" vspace=\"5\" hspace=\"5\" height=\"128\" align=\"middle\"\/><\/a><\/strong><\/p>\n<p>Auteur:<br \/>\n<a href=\"https:\/\/www.leaders.com.tn\/article\/28527-mohamed-ben-youssef-directeur-general-monde-arabe-et-islamique\">Cliquez ici pour lire l&rsquo;article depuis sa source.<\/a><\/p>\n","protected":false},"excerpt":{"rendered":"<p>En 27 ans de carri\u00e8re diplomatique, l\u2019ambassadeur Mohamed Ben Youssef en a fait sa grande sp\u00e9cialit\u00e9. Depuis son int\u00e9gration en 1992 au minist\u00e8re des Affaires \u00e9trang\u00e8res, ce juriste de formation n\u2019a cess\u00e9 d\u2019encha\u00eener les affectations \u00e0 l\u2019\u00e9tranger, \u00e0 des fonctions relatives au monde arabe et islamique. Jusque-l\u00e0 chef de cabinet du ministre (2019), il \u00e9tait [&hellip;]<\/p>\n","protected":false},"author":1772,"featured_media":68892,"comment_status":"closed","ping_status":"closed","sticky":false,"template":"","format":"standard","meta":{"fifu_image_url":"","fifu_image_alt":"","footnotes":""},"categories":[73,55],"tags":[],"class_list":["post-68891","post","type-post","status-publish","format-standard","has-post-thumbnail","hentry","category-actualite","category-tunisie"],"_links":{"self":[{"href":"https:\/\/linitiative.ca\/International\/wp-json\/wp\/v2\/posts\/68891","targetHints":{"allow":["GET"]}}],"collection":[{"href":"https:\/\/linitiative.ca\/International\/wp-json\/wp\/v2\/posts"}],"about":[{"href":"https:\/\/linitiative.ca\/International\/wp-json\/wp\/v2\/types\/post"}],"author":[{"embeddable":true,"href":"https:\/\/linitiative.ca\/International\/wp-json\/wp\/v2\/users\/1772"}],"replies":[{"embeddable":true,"href":"https:\/\/linitiative.ca\/International\/wp-json\/wp\/v2\/comments?post=68891"}],"version-history":[{"count":0,"href":"https:\/\/linitiative.ca\/International\/wp-json\/wp\/v2\/posts\/68891\/revisions"}],"wp:featuredmedia":[{"embeddable":true,"href":"https:\/\/linitiative.ca\/International\/wp-json\/"}],"wp:attachment":[{"href":"https:\/\/linitiative.ca\/International\/wp-json\/wp\/v2\/media?parent=68891"}],"wp:term":[{"taxonomy":"category","embeddable":true,"href":"https:\/\/linitiative.ca\/International\/wp-json\/wp\/v2\/categories?post=68891"},{"taxonomy":"post_tag","embeddable":true,"href":"https:\/\/linitiative.ca\/International\/wp-json\/wp\/v2\/tags?post=68891"}],"curies":[{"name":"wp","href":"https:\/\/api.w.org\/{rel}","templated":true}]}}