{"id":68893,"date":"2019-11-29T10:50:00","date_gmt":"2019-11-29T15:50:00","guid":{"rendered":"https:\/\/linitiative.ca\/International\/les-auditeurs-de-linstitut-de-defense-nationale-debattent-de-la-souverainete-cybernetique-et-securite-nationale\/"},"modified":"2019-11-29T10:50:00","modified_gmt":"2019-11-29T15:50:00","slug":"les-auditeurs-de-linstitut-de-defense-nationale-debattent-de-la-souverainete-cybernetique-et-securite-nationale","status":"publish","type":"post","link":"https:\/\/linitiative.ca\/International\/les-auditeurs-de-linstitut-de-defense-nationale-debattent-de-la-souverainete-cybernetique-et-securite-nationale\/","title":{"rendered":"Les auditeurs de l&rsquo;Institut de D\u00e9fense Nationale d\u00e9battent de la  \u00abSouverainet\u00e9 cybern\u00e9tique et s\u00e9curit\u00e9 nationale\u00bb"},"content":{"rendered":"<p>Les auditeurs de la 37e promotion de l\u2019Institut de d\u00e9fense nationale (IDN) ne pouvaient choisir meilleur th\u00e8me pour la session 2019-2020. Officiers de l\u2019Arm\u00e9e nationale et autres grands corps de l\u2019Etat, mais aussi repr\u00e9sentants d\u2019organisations nationales et d\u2019instances ind\u00e9pendantes, auront en effet \u00e0 plancher sur la souverainet\u00e9 cybern\u00e9tique et son impact sur la s\u00e9curit\u00e9 nationale. Pr\u00e9sentations et travaux dirig\u00e9s au si\u00e8ge de l\u2019Institut \u00e0 Bortal Hayder, non loin du Bardo, visites sur le terrain et recherche, ils auront \u00e0 formuler avant fin juin prochain comme rapport de session un document strat\u00e9gique et op\u00e9rationnel, enrichi de recommandations.<\/p>\n<p>Parmi les auditeurs de cette session figurent notamment Chawki Gueddas, pr\u00e9sident de l\u2019Instance de protection des donn\u00e9es personnelles, Taoufik Boufaied, secr\u00e9taire g\u00e9n\u00e9ral de l\u2019Instance d\u2019acc\u00e8s \u00e0 l\u2019information, Taoufik Abbes, du minist\u00e8re de l\u2019Industrie et des PME, Maher Kassab, du minist\u00e8re de l\u2019Enseignement sup\u00e9rieur et de la Recherche scientifique. L\u2019Utica y est repr\u00e9sent\u00e9e par Khaled Sellami, membre du bureau ex\u00e9cutif.<\/p>\n<p class=\"c2\"><strong><a href=\"https:\/\/www.leaders.com.tn\/le_mensuel_abonnez_vous\" target=\"_blank\" rel=\"noopener noreferrer\"><img loading=\"lazy\" decoding=\"async\" src=\"\/uploads\/FCK_files\/Bandeau-Leaders-1-copie(23).jpg\" alt=\"\" width=\"500\" vspace=\"5\" hspace=\"5\" height=\"128\" align=\"middle\"\/><\/a><\/strong><\/p>\n<p>Auteur:<br \/>\n<a href=\"https:\/\/www.leaders.com.tn\/article\/28526-souverainete-cybernetique-et-securite-nationale\">Cliquez ici pour lire l&rsquo;article depuis sa source.<\/a><\/p>\n","protected":false},"excerpt":{"rendered":"<p>Les auditeurs de la 37e promotion de l\u2019Institut de d\u00e9fense nationale (IDN) ne pouvaient choisir meilleur th\u00e8me pour la session 2019-2020. Officiers de l\u2019Arm\u00e9e nationale et autres grands corps de l\u2019Etat, mais aussi repr\u00e9sentants d\u2019organisations nationales et d\u2019instances ind\u00e9pendantes, auront en effet \u00e0 plancher sur la souverainet\u00e9 cybern\u00e9tique et son impact sur la s\u00e9curit\u00e9 nationale. [&hellip;]<\/p>\n","protected":false},"author":1772,"featured_media":68894,"comment_status":"closed","ping_status":"closed","sticky":false,"template":"","format":"standard","meta":{"fifu_image_url":"","fifu_image_alt":"","footnotes":""},"categories":[73,55],"tags":[],"class_list":["post-68893","post","type-post","status-publish","format-standard","has-post-thumbnail","hentry","category-actualite","category-tunisie"],"_links":{"self":[{"href":"https:\/\/linitiative.ca\/International\/wp-json\/wp\/v2\/posts\/68893","targetHints":{"allow":["GET"]}}],"collection":[{"href":"https:\/\/linitiative.ca\/International\/wp-json\/wp\/v2\/posts"}],"about":[{"href":"https:\/\/linitiative.ca\/International\/wp-json\/wp\/v2\/types\/post"}],"author":[{"embeddable":true,"href":"https:\/\/linitiative.ca\/International\/wp-json\/wp\/v2\/users\/1772"}],"replies":[{"embeddable":true,"href":"https:\/\/linitiative.ca\/International\/wp-json\/wp\/v2\/comments?post=68893"}],"version-history":[{"count":0,"href":"https:\/\/linitiative.ca\/International\/wp-json\/wp\/v2\/posts\/68893\/revisions"}],"wp:featuredmedia":[{"embeddable":true,"href":"https:\/\/linitiative.ca\/International\/wp-json\/"}],"wp:attachment":[{"href":"https:\/\/linitiative.ca\/International\/wp-json\/wp\/v2\/media?parent=68893"}],"wp:term":[{"taxonomy":"category","embeddable":true,"href":"https:\/\/linitiative.ca\/International\/wp-json\/wp\/v2\/categories?post=68893"},{"taxonomy":"post_tag","embeddable":true,"href":"https:\/\/linitiative.ca\/International\/wp-json\/wp\/v2\/tags?post=68893"}],"curies":[{"name":"wp","href":"https:\/\/api.w.org\/{rel}","templated":true}]}}