{"id":68898,"date":"2019-11-29T11:45:39","date_gmt":"2019-11-29T16:45:39","guid":{"rendered":"https:\/\/linitiative.ca\/International\/etablissements-francais-au-maroc-laefe-ouvre-le-dialogue\/"},"modified":"2019-11-29T11:45:39","modified_gmt":"2019-11-29T16:45:39","slug":"etablissements-francais-au-maroc-laefe-ouvre-le-dialogue","status":"publish","type":"post","link":"https:\/\/linitiative.ca\/International\/etablissements-francais-au-maroc-laefe-ouvre-le-dialogue\/","title":{"rendered":"Etablissements fran\u00e7ais au Maroc : l\u2019AEFE ouvre le dialogue"},"content":{"rendered":"<p><strong>La mobilisation a pay\u00e9. L\u2019Agence pour l\u2019enseignement fran\u00e7ais \u00e0 l\u2019\u00e9tranger a r\u00e9pondu favorablement aux dol\u00e9ances des parents d\u2019\u00e9l\u00e8ves.<\/strong><\/p>\n<div class=\"c10\"\/>\n<p>Suite \u00e0 l\u2019organisation du rassemblement \u00e0 l\u2019\u00e9chelle nationale pour protester contre le projet d\u2019augmentation des <strong>frais de scolarit\u00e9<\/strong> dans les \u00e9tablissements fran\u00e7ais au Maroc, l\u2019Union des Conseils des Parents d\u2019El\u00e8ves (UCPE) vient d\u2019annoncer une bonne nouvelle.<\/p>\n<p>En effet, l\u2019Agence pour l\u2019enseignement fran\u00e7ais \u00e0 l\u2019\u00e9tranger (<strong>AEFE<\/strong>) a \u00e9mis la volont\u00e9 d\u2019ouvrir le dialogue avec les parents et ce, d\u00e8s janvier 2020. L\u2019Union salue cette d\u00e9cision tout en insistant sur la n\u00e9cessit\u00e9 d\u2019avoir une visibilit\u00e9 \u00e0 moyen terme dans le cadre de la concertation, en plus de l\u2019association effective des <strong>parents d\u2019\u00e9l\u00e8ves<\/strong> dans la vie des \u00e9tablissements.<\/p>\n<p>Lire aussi : <a href=\"https:\/\/www.challenge.ma\/etablissements-francais-les-parents-deleves-contre-laugmentation-des-frais-124114\/\" target=\"_blank\" rel=\"noreferrer noopener\" aria-label=\"\u00c9tablissements fran\u00e7ais au Maroc: les parents d'\u00e9l\u00e8ves indign\u00e9s (s\u2019ouvre dans un nouvel onglet)\">\u00c9tablissements fran\u00e7ais au Maroc: les parents d\u2019\u00e9l\u00e8ves indign\u00e9s<\/a><\/p>\n<p>Pour rappel, l\u2019AEFE envisage pour le p\u00f4le de Casablanca-Mohammedia deux <strong>augmentations<\/strong> au lieu d\u2019une seule habituellement \u00e0 partir de la rentr\u00e9e 2020\/2021. Elles totaliseraient pr\u00e8s de 3.000 DH par \u00e9l\u00e8ve par rapport \u00e0 cette ann\u00e9e.<\/p>\n<div class=\"c17\">\n<fieldset class=\"c16\">\n<legend><strong><span class=\"c11\">Challenge<\/span><span class=\"c12\">news<\/span><\/strong><\/legend>\n<div class=\"c15\">Le meilleur de Challenge s\u00e9lectionn\u00e9 par la r\u00e9daction :<\/p>\n<\/div>\n<\/fieldset>\n<\/div>\n<p>Auteur: challenge<br \/>\n<a href=\"https:\/\/www.challenge.ma\/etablissements-francais-au-maroc-laefe-ouvre-le-dialogue-124450\/\">Cliquez ici pour lire l&rsquo;article depuis sa source.<\/a><\/p>\n","protected":false},"excerpt":{"rendered":"<p>La mobilisation a pay\u00e9. L\u2019Agence pour l\u2019enseignement fran\u00e7ais \u00e0 l\u2019\u00e9tranger a r\u00e9pondu favorablement aux dol\u00e9ances des parents d\u2019\u00e9l\u00e8ves. Suite \u00e0 l\u2019organisation du rassemblement \u00e0 l\u2019\u00e9chelle nationale pour protester contre le projet d\u2019augmentation des frais de scolarit\u00e9 dans les \u00e9tablissements fran\u00e7ais au Maroc, l\u2019Union des Conseils des Parents d\u2019El\u00e8ves (UCPE) vient d\u2019annoncer une bonne nouvelle. En [&hellip;]<\/p>\n","protected":false},"author":1787,"featured_media":0,"comment_status":"closed","ping_status":"closed","sticky":false,"template":"","format":"standard","meta":{"fifu_image_url":"","fifu_image_alt":"","footnotes":""},"categories":[78,54],"tags":[],"class_list":["post-68898","post","type-post","status-publish","format-standard","hentry","category-economie","category-maroc"],"_links":{"self":[{"href":"https:\/\/linitiative.ca\/International\/wp-json\/wp\/v2\/posts\/68898","targetHints":{"allow":["GET"]}}],"collection":[{"href":"https:\/\/linitiative.ca\/International\/wp-json\/wp\/v2\/posts"}],"about":[{"href":"https:\/\/linitiative.ca\/International\/wp-json\/wp\/v2\/types\/post"}],"author":[{"embeddable":true,"href":"https:\/\/linitiative.ca\/International\/wp-json\/wp\/v2\/users\/1787"}],"replies":[{"embeddable":true,"href":"https:\/\/linitiative.ca\/International\/wp-json\/wp\/v2\/comments?post=68898"}],"version-history":[{"count":0,"href":"https:\/\/linitiative.ca\/International\/wp-json\/wp\/v2\/posts\/68898\/revisions"}],"wp:attachment":[{"href":"https:\/\/linitiative.ca\/International\/wp-json\/wp\/v2\/media?parent=68898"}],"wp:term":[{"taxonomy":"category","embeddable":true,"href":"https:\/\/linitiative.ca\/International\/wp-json\/wp\/v2\/categories?post=68898"},{"taxonomy":"post_tag","embeddable":true,"href":"https:\/\/linitiative.ca\/International\/wp-json\/wp\/v2\/tags?post=68898"}],"curies":[{"name":"wp","href":"https:\/\/api.w.org\/{rel}","templated":true}]}}