{"id":68899,"date":"2019-11-29T11:59:42","date_gmt":"2019-11-29T16:59:42","guid":{"rendered":"https:\/\/linitiative.ca\/International\/doing-business-table-ronde-le-30-novembre-a-marrakech\/"},"modified":"2019-11-29T11:59:42","modified_gmt":"2019-11-29T16:59:42","slug":"doing-business-table-ronde-le-30-novembre-a-marrakech","status":"publish","type":"post","link":"https:\/\/linitiative.ca\/International\/doing-business-table-ronde-le-30-novembre-a-marrakech\/","title":{"rendered":"Doing Business : Table ronde le 30 novembre \u00e0 Marrakech"},"content":{"rendered":"<p><strong>Le Conseil des Jeunes Dirigeants d\u2019entreprises (CJD-Maroc), section Marrakech, organise, samedi prochain dans la cit\u00e9 ocre, une table ronde sous le th\u00e8me \u00ab\u00a0Doing Business, entre textes et contexte\u00a0\u00bb.<\/strong><\/p>\n<div class=\"c10\"\/>\n<p>A travers l\u2019organisation de cet espace d\u2019\u00e9change et de d\u00e9bat autour d\u2019une th\u00e9matique d\u2019actualit\u00e9 int\u00e9ressant les entreprises et en particulier les PME et les TPE, le CJD souhaite faire profiter l\u2019auditoire du retour d\u2019exp\u00e9rience et d\u2019expertise dont b\u00e9n\u00e9ficient les anciens pr\u00e9sidents de ce mouvement et de sonder leur vision strat\u00e9gique et leur regard d\u2019expert vis-\u00e0-vis des probl\u00e9matiques \u00e9conomiques complexes et influentes auxquelles l\u2019\u00e9conomie nationale fait face, indiquent les organisateurs.<\/p>\n<p>Pour mettre le point sur le classement Doing Business des \u00e9conomies en termes de climat des affaires et les dix domaines sur lesquels se base l\u2019enqu\u00eate de la Banque Mondiale, le CJD r\u00e9unira donc un panel de ses anciens pr\u00e9sidents pour d\u00e9battre et apporter tous les \u00e9l\u00e9ments d\u2019\u00e9claircissement n\u00e9cessaires \u00e0 ce sujet ainsi que leur regard d\u2019expert sur la probl\u00e9matique de g\u00e9n\u00e9ralisation des retomb\u00e9es de la croissance \u00e9conomique.<\/p>\n<p>La diversit\u00e9 et la richesse du parterre d\u2019intervenants ainsi que le public avis\u00e9 et engag\u00e9 invit\u00e9s permettront d\u2019atteindre les objectifs de cette table ronde et de sortir avec des recommandations pratiques et utiles.<\/p>\n<p>En l\u2019espace de dix ans, le Maroc est pass\u00e9 du 128\u00e8 au 53\u00e8 rang dans le classement de Doing Business mis \u00e0 jour chaque ann\u00e9e et publi\u00e9 dans un rapport \u00e9labor\u00e9 par la Banque Mondiale afin d\u2019\u00e9valuer les \u00e9conomies des pays selon leur facilit\u00e9 \u00e0 faire des affaires.<\/p>\n<p>Dans le rapport 2020, le Royaume occupe la 53\u00e8me place parmi 190 pays concern\u00e9s par le classement. Il acc\u00e8de au 3\u00e8me rang dans la r\u00e9gion MENA et conserve sa 3\u00e8me place au niveau continental.<\/p>\n<p>\u00ab\u00a0Nonobstant ces avanc\u00e9es, l\u2019\u00e9conomie marocaine ne parvient pas \u00e0 capitaliser sur les grands chantiers ouverts et sur les strat\u00e9gies sectorielles lanc\u00e9es afin de rattraper le gap et surmonter les probl\u00e9matiques structurelles rencontr\u00e9es\u00a0\u00bb, estiment les organisateurs, qui rel\u00e8vent que le dilemme qui suscite une r\u00e9flexion profonde m\u00eame des hautes instances au pays, c\u2019est de pouvoir g\u00e9n\u00e9raliser l\u2019impact positif de la croissance \u00e9conomique et des avanc\u00e9es r\u00e9alis\u00e9es aux diff\u00e9rentes classes sociales et minimiser les \u00e9carts enregistr\u00e9s entre les composantes de la soci\u00e9t\u00e9.<\/p>\n<p>A rappeler que le Centre des Jeunes Dirigeants d\u2019entreprises est une association dynamique repr\u00e9sentant les Jeunes Dirigeants du monde et ayant pour objectif d\u2019encourager l\u2019entrepreneuriat et d\u2019accompagner les jeunes dirigeants dans la concr\u00e9tisation de leurs projets, en leur offrant tous les outils n\u00e9cessaires d\u2019accompagnement et de formation.<\/p>\n<p>Cr\u00e9\u00e9 en 2001, le CJD-Maroc ambitionne de porter la voix des dirigeants d\u2019entreprises qui oeuvrent au quotidien en vue d\u2019une \u00e9conomie plus humaine et plus responsable pour l\u2019\u00e9mergence de comportements plus respectueux pour les g\u00e9n\u00e9rations futures.<\/p>\n<p>Le CJD est une communaut\u00e9 vivante de femmes et d\u2019hommes qui s\u2019engagent pour d\u00e9fendre les valeurs et les int\u00e9r\u00eats communs et \u00e0 se former au m\u00e9tier du \u00ab\u00a0dirigeant entrepreneur\u00a0\u00bb.<\/p>\n<div class=\"c17\">\n<fieldset class=\"c16\">\n<legend><strong><span class=\"c11\">Challenge<\/span><span class=\"c12\">news<\/span><\/strong><\/legend>\n<div class=\"c15\">Le meilleur de Challenge s\u00e9lectionn\u00e9 par la r\u00e9daction :<\/p>\n<\/div>\n<\/fieldset>\n<\/div>\n<p>Auteur: challenge<br \/>\n<a href=\"https:\/\/www.challenge.ma\/doing-business-table-ronde-le-30-novembre-a-marrakech-124461\/\">Cliquez ici pour lire l&rsquo;article depuis sa source.<\/a><\/p>\n","protected":false},"excerpt":{"rendered":"<p>Le Conseil des Jeunes Dirigeants d\u2019entreprises (CJD-Maroc), section Marrakech, organise, samedi prochain dans la cit\u00e9 ocre, une table ronde sous le th\u00e8me \u00ab\u00a0Doing Business, entre textes et contexte\u00a0\u00bb. A travers l\u2019organisation de cet espace d\u2019\u00e9change et de d\u00e9bat autour d\u2019une th\u00e9matique d\u2019actualit\u00e9 int\u00e9ressant les entreprises et en particulier les PME et les TPE, le CJD [&hellip;]<\/p>\n","protected":false},"author":1787,"featured_media":0,"comment_status":"closed","ping_status":"closed","sticky":false,"template":"","format":"standard","meta":{"fifu_image_url":"","fifu_image_alt":"","footnotes":""},"categories":[78,54],"tags":[],"class_list":["post-68899","post","type-post","status-publish","format-standard","hentry","category-economie","category-maroc"],"_links":{"self":[{"href":"https:\/\/linitiative.ca\/International\/wp-json\/wp\/v2\/posts\/68899","targetHints":{"allow":["GET"]}}],"collection":[{"href":"https:\/\/linitiative.ca\/International\/wp-json\/wp\/v2\/posts"}],"about":[{"href":"https:\/\/linitiative.ca\/International\/wp-json\/wp\/v2\/types\/post"}],"author":[{"embeddable":true,"href":"https:\/\/linitiative.ca\/International\/wp-json\/wp\/v2\/users\/1787"}],"replies":[{"embeddable":true,"href":"https:\/\/linitiative.ca\/International\/wp-json\/wp\/v2\/comments?post=68899"}],"version-history":[{"count":0,"href":"https:\/\/linitiative.ca\/International\/wp-json\/wp\/v2\/posts\/68899\/revisions"}],"wp:attachment":[{"href":"https:\/\/linitiative.ca\/International\/wp-json\/wp\/v2\/media?parent=68899"}],"wp:term":[{"taxonomy":"category","embeddable":true,"href":"https:\/\/linitiative.ca\/International\/wp-json\/wp\/v2\/categories?post=68899"},{"taxonomy":"post_tag","embeddable":true,"href":"https:\/\/linitiative.ca\/International\/wp-json\/wp\/v2\/tags?post=68899"}],"curies":[{"name":"wp","href":"https:\/\/api.w.org\/{rel}","templated":true}]}}