{"id":68915,"date":"2019-11-29T11:36:32","date_gmt":"2019-11-29T16:36:32","guid":{"rendered":"https:\/\/linitiative.ca\/International\/electrification-rurale-la-cle-du-developpement-endogene\/"},"modified":"2019-11-29T11:36:32","modified_gmt":"2019-11-29T16:36:32","slug":"electrification-rurale-la-cle-du-developpement-endogene","status":"publish","type":"post","link":"https:\/\/linitiative.ca\/International\/electrification-rurale-la-cle-du-developpement-endogene\/","title":{"rendered":"Electrification rurale  La cl\u00e9 du d\u00e9veloppement endog\u00e8ne"},"content":{"rendered":"<div class=\"td-post-featured-image\"><a href=\"https:\/\/i1.wp.com\/www.sidwaya.info\/wp-content\/uploads\/2019\/11\/3el.jpg?fit=600%2C450&#038;ssl=1\" data-caption=\"\"><img loading=\"lazy\" decoding=\"async\" width=\"600\" height=\"450\" class=\"entry-thumb td-modal-image\" src=\"https:\/\/i1.wp.com\/www.sidwaya.info\/wp-content\/uploads\/2019\/11\/3el.jpg?resize=600%2C450&#038;ssl=1\" srcset=\"https:\/\/i1.wp.com\/www.sidwaya.info\/wp-content\/uploads\/2019\/11\/3el.jpg?w=600&#038;ssl=1 600w, https:\/\/i1.wp.com\/www.sidwaya.info\/wp-content\/uploads\/2019\/11\/3el.jpg?resize=300%2C225&#038;ssl=1 300w, https:\/\/i1.wp.com\/www.sidwaya.info\/wp-content\/uploads\/2019\/11\/3el.jpg?resize=560%2C420&#038;ssl=1 560w, https:\/\/i1.wp.com\/www.sidwaya.info\/wp-content\/uploads\/2019\/11\/3el.jpg?resize=80%2C60&#038;ssl=1 80w, https:\/\/i1.wp.com\/www.sidwaya.info\/wp-content\/uploads\/2019\/11\/3el.jpg?resize=265%2C198&#038;ssl=1 265w\" sizes=\"auto, (max-width: 600px) 100vw, 600px\" alt=\"\" title=\"3el\"\/><\/a><\/div>\n<p><strong>Pour sortir le monde paysan de la pr\u00e9carit\u00e9, le Pr\u00e9sident du Faso, Roch Marc Christian Kabor\u00e9, a opt\u00e9 pour l\u2019\u00e9lectrification rurale. Un choix qui favorise le d\u00e9collage des \u00e9conomies locales.<\/strong><\/p>\n<p>Dans les villages de Cassou et Bognounou (r\u00e9gion du Centre-Ouest), Dafinso et Wakuy (Hauts-Bassins), K\u00e9ra, Bagassi et Tenado (Boucle du Mouhoun), Zincko et Vousnago (Centre-Est), le processus d\u2019\u00e9lectrification rurale a favoris\u00e9 le d\u00e9veloppement socio\u00e9conomique. Mercredi 17 septembre 2019, c\u2019est le jour du march\u00e9 hebdomadaire du village de Wakuy dans la province du Tuy, r\u00e9gion des Hauts-Bassins. \u00a0Il est 11 heures. \u00a0Notre v\u00e9hicule de reportage slalome entre les \u00e9tals des vendeuses install\u00e9es au bord de la voie publique. Au c\u0153ur des hangars et autres \u00e9choppes du march\u00e9, une grande quincaillerie attire notre attention. Son g\u00e9rant, Salif Zongo, nous invite \u00e0 d\u00e9couvrir ses articles.\u00a0 On y trouve, entre autres, des plaques solaires, des batteries, des lampes, des c\u00e2bles \u00e9lectriques, des transformateurs d\u2019\u00e9nergie et des antennes TV.\u00a0 Selon lui, c\u2019est \u00e0 la faveur du processus d\u2019\u00e9lectrification rurale lanc\u00e9 par l\u2019Etat, qu\u2019il s\u2019est investi dans ce type de commerce. Il explique aussi que le mat\u00e9riel \u00e9lectrom\u00e9nager se vend bien. Son patron, Pascal Traor\u00e9, appr\u00e9cie aussi cette d\u00e9marche gouvernementale. \u00ab\u00a0<em>Aujourd\u2019hui, gr\u00e2ce au courant, nos enfants \u00e9tudient mieux\u00a0<\/em>\u00bb, a-t-il dit. \u00a0Mais c\u2019est la nuit tomb\u00e9e, qu\u2019on constate la mutation op\u00e9r\u00e9e par le courant dans les villages. En effet, les commerces restent ouverts, les moulins \u00e0 gasoil, jadis bruyants, ont fait place \u00e0 des machines \u00e9lectriques. A la maison des Jeunes de Wakuy, \u00e0 19h, les jeunes sont rassembl\u00e9s pour suivre en direct \u00e0 la t\u00e9l\u00e9 l\u2019ouverture officielle de la League des champions, une des plus prestigieuses comp\u00e9titions plan\u00e9taires de football. Dans cette localit\u00e9, c\u2019est une premi\u00e8re pour la jeunesse. Sous un hangar am\u00e9nag\u00e9 qui fait office de vid\u00e9o club, deux postes t\u00e9l\u00e9viseurs permettent de diffuser les matchs. L\u2019acc\u00e8s au lieu est conditionn\u00e9 par une contribution de 100 F CFA par match, et le club ne d\u00e9semplit pas.<\/p>\n<p><strong>Des m\u00e9tiers r\u00e9volutionn\u00e9s<\/strong><\/p>\n<p>En milieu rural, l\u2019\u00e9lectricit\u00e9 n\u2019est pas per\u00e7ue comme un luxe qui permet d\u2019actionner des climatiseurs et autres brasseurs dans les concessions. Elle est plut\u00f4t adopt\u00e9e comme moyen pour relever le niveau d\u2019existence des citoyens. Dans le d\u00e9collage \u00e9conomique enclench\u00e9 par l\u2019\u00e9lectrification rurale, le secteur informel est l\u2019un des mieux servis. Dans les villages, aliment\u00e9s en \u00e9lectricit\u00e9, les promoteurs de salons de coiffure, de maquis, de moulins, de soudure, de mercerie et autres boutiques se frottent les mains. A T\u00e9nado dans le Sangui\u00e9, le coiffeur, Victor Bamouni, explique que le passage des paires de ciseaux \u00e0 la tondeuse \u00e9lectrique a permis de red\u00e9finir les tarifs qui passent ainsi de 100 \u00e0 200 ou 300 F CFA par t\u00eate selon le mod\u00e8le. Toute chose qui a am\u00e9lior\u00e9 ses recettes et lui \u00a0a permis \u00e0 ce jour d\u2019honorer les frais de scolarit\u00e9 de ses fr\u00e8res. Il dit\u00a0 aussi supporter les d\u00e9penses d\u2019une famille de cinq personnes. \u00ab\u00a0<em>Mes parents sont en \u00e2ge avanc\u00e9, et mes petites s\u0153urs sont assez jeunes. Mes \u00e9conomies viennent en appui \u00e0 nos r\u00e9coltes agricoles pour faire vivre la famille. Dieu aidant, la client\u00e8le ne manque pas, surtout que nous sommes dans une zone o\u00f9 il y a beaucoup d\u2019orpailleurs<\/em>\u00a0\u00bb,\u00a0 soutient \u00a0le coiffeur. Souleymane Ou\u00e9draogo de Zincko, soudeur, ne se plaint pas non plus. Le jeune homme \u00a0de 33 ans affirme qu\u2019il vient d\u2019abandonner les bouteilles de gaz pour le courant. Ce qui lui conf\u00e8re une efficacit\u00e9 dans la livraison des commandes, mais aussi de multiplier les services. Il pr\u00e9cise que la demande est forte notamment en ce qui concerne la confection d\u2019ouvertures de b\u00e2timents (portails, portes, fen\u00eatres\u00a0\u2026), le mat\u00e9riel agricole (tracteurs, charrues, houe, etc.). \u00ab\u00a0<em>La soudure \u00e9lectrique a consid\u00e9rablement chang\u00e9 notre vie. Avec elle, nous gagnons en temps et en qualit\u00e9<\/em>\u00a0\u00bb, affirme M. Ou\u00e9draogo. \u00a0Sans vouloir donner de d\u00e9tail sur ses revenus, \u00a0il a tout de m\u00eame confi\u00e9 qu\u2019il a r\u00e9alis\u00e9 des projets de plus de 20 millions F CFA sans contracter de cr\u00e9dit en banque.<\/p>\n<p><strong><em>\u00ab\u00a0L\u2019\u00e9lectricit\u00e9, c\u2019est la vie\u00a0\u00bb<\/em><\/strong><\/p>\n<p>Les enjeux li\u00e9s \u00e0 l\u2019\u00e9lectricit\u00e9 sont grands. Dans les villages de Cassou et Bognounou dans la r\u00e9gion du Centre-Ouest, le vieux Georges Niti\u00e9ma, 85 ans, le r\u00e9sume en ces termes\u00a0: \u00ab\u00a0<em>l\u2019\u00e9lectricit\u00e9, c\u2019est la vie<\/em>\u00a0\u00bb. Pour cet octog\u00e9naire, la d\u00e9centralisation du courant marque v\u00e9ritablement le point de d\u00e9part du d\u00e9veloppement inclusif durable. \u00ab\u00a0<em>Nous sommes reconnaissants au gouvernement pour avoir illumin\u00e9 notre cadre de vie, et nous souhaitons que l\u2019entretien et la gestion des circuits \u00e9lectriques soient la priorit\u00e9 de nos prestataires<\/em>\u00a0\u00bb, d\u00e9clare M. Niti\u00e9ma.\u00a0 Cet ancien combattant, souligne qu\u2019en absence d\u2019\u00e9lectricit\u00e9, tous les projets de d\u00e9veloppement sont vou\u00e9s \u00e0 l\u2019\u00e9chec. \u00ab<em>De longues ann\u00e9es durant, nous avons pri\u00e9 pour la desserte des campagnes en \u00e9lectricit\u00e9. Notre v\u00e9ritable existence commence \u00e0 partir de l\u2019instant o\u00f9 nous avons acc\u00e8s au courant<\/em>\u00bb, confie-t-il. Selon le ministre de l\u2019Energie, Bachir Isma\u00ebl Ou\u00e9draogo, le projet d\u2019\u00e9lectrification rurale occupe une place de choix dans la politique \u00e9nerg\u00e9tique du gouvernement. Il est inscrit dans le Plan national de d\u00e9veloppement \u00e9conomique et social (PNDES), avec comme objectif \u00e0 long terme l\u2019\u00e9lectrification de milliers de villages. \u00ab\u00a0<em>En ce qui concerne l\u2019acc\u00e8s \u00e0 l\u2019\u00e9nergie en milieu urbain, \u00a0le pays est \u00e0 23% et nous nous sommes fix\u00e9 l\u2019objectif de 45% d\u2019ici \u00e0 fin 2020. Pour le milieu rural, nous sommes \u00e0 3% d\u2019acc\u00e8s \u00e0 l\u2019\u00e9nergie et visons 19% d\u2019ici \u00e0 d\u00e9cembre 2020<\/em>\u00a0\u00bb, avance le patron de l\u2019Energie au Burkina. Selon lui, il s\u2019agit d\u2019une politique qui va consacrer <em>\u00ab\u00a0in\u00e9luctablement\u00a0\u00bb<\/em> la prosp\u00e9rit\u00e9 des initiatives \u00e9conomiques locales et changer <em>\u00ab\u00a0positivement\u00a0\u00bb<\/em> le train-train quotidien des populations. Il a pr\u00e9cis\u00e9 en outre, que l\u2019objectif du gouvernement est de relever le taux d\u2019\u00e9lectrification et de r\u00e9duire le co\u00fbt du kilowattheure. Ainsi, pour soutenir l\u2019action de l\u2019ex\u00e9cutif, le Fonds d\u2019\u00e9lectrification rurale (FER) sera reconfigur\u00e9 en octobre 2018, en Agence burkinab\u00e8 d\u2019\u00e9lectrification rurale (ABER). La mission de cette structure, dont les activit\u00e9s sont d\u00e9j\u00e0 visibles sur le terrain, consiste \u00e0 promouvoir l\u2019acc\u00e8s \u00e0 l\u2019\u00e9lectricit\u00e9 dans les collectivit\u00e9s rurales. Un outil s\u00fbr, qui contribue \u00e0 l\u2019Op\u00e9rationnalisation du projet r\u00e9gional d\u2019\u00e9lectrification hors-r\u00e9seau (ROGEP), qui ambitionne de booster les \u00e9nergies renouvelables et l\u2019efficacit\u00e9 \u00e9nerg\u00e9tique au Burkina. \u00ab <em>Il n\u2019y a pas de d\u00e9veloppement sans \u00e9nergie. Avec l\u2019\u00e9lectricit\u00e9 hors-r\u00e9seau, nous aurons la capacit\u00e9 de transformer de fa\u00e7on structurelle le secteur de l\u2019Energie au profit des populations des villes et campagnes<\/em> \u00bb, indique le ministre Ou\u00e9draogo.<\/p>\n<p><strong>Du fonctionnement des COOPEL<\/strong><\/p>\n<p>Selon le directeur g\u00e9n\u00e9ral de l\u2019ABER, Isma\u00ebl Somlawend\u00e9 Nacoulma, 250 localit\u00e9s sont actuellement en phase finale d\u2019\u00e9lectrification. Et avant la fin de l\u2019ann\u00e9e 2020, sa structure entend achever 500 autres localit\u00e9s. Mais qu\u2019en est-il de la gestion locale du courant\u00a0? Le DG Nacoulma rassure qu\u2019avec l\u2019exp\u00e9rience acquise, aucune difficult\u00e9 ne jalonne le fonctionnement des Coop\u00e9ratives d\u2019\u00e9lectricit\u00e9 (COOPEL) en milieu rural. Il mentionne que le transport du courant, son stockage et sa distribution sont contraignants et demandent des efforts participatifs des consommateurs. C\u2019est l\u00e0 o\u00f9 les incompr\u00e9hensions sont l\u00e9gion, mais de fa\u00e7on globale, la marche vers un monde rural \u00e9lectrifi\u00e9 et connect\u00e9 au reste de la plan\u00e8te continue. Pour le pr\u00e9sident du comit\u00e9 de pilotage de la coop\u00e9rative de \u00a0Sapouy, Nehemie Zoundi, la bonne animation des unit\u00e9s de gestion est essentielle dans la fourniture de l\u2019\u00e9nergie en milieu rural. Selon lui, les COOPEL et les techniciens doivent travailler en \u00e9troite collaboration en vue d\u2019une meilleure exploitation du syst\u00e8me \u00e9lectrique, d\u2019une bonne gestion comptable et fiscale et d\u2019une ex\u00e9cution claire des branchements et des facturations.<\/p>\n<p><strong>Wanl\u00e9 G\u00e9rard COULIBALY<\/strong><\/p>\n<div class=\"td-a-rec td-a-rec-id-content_bottom tdi_30_dff td_block_template_1\"><img loading=\"lazy\" decoding=\"async\" class=\"aligncenter size-full wp-image-9623\" src=\"https:\/\/www.sidwaya.info\/wp-content\/uploads\/2019\/06\/Projet-bannie%CC%80re-Orange-mobile.jpg\" alt=\"\" width=\"728\" height=\"81\"\/><\/div>\n<p>Auteur: BS. Sidwaya<br \/>\n<a href=\"https:\/\/www.sidwaya.info\/blog\/2019\/11\/29\/electrification-rurale-la-cle-du-developpement-endogene\/\">Cliquez ici pour lire l&rsquo;article depuis sa source.<\/a><\/p>\n","protected":false},"excerpt":{"rendered":"<p>Pour sortir le monde paysan de la pr\u00e9carit\u00e9, le Pr\u00e9sident du Faso, Roch Marc Christian Kabor\u00e9, a opt\u00e9 pour l\u2019\u00e9lectrification rurale. Un choix qui favorise le d\u00e9collage des \u00e9conomies locales. Dans les villages de Cassou et Bognounou (r\u00e9gion du Centre-Ouest), Dafinso et Wakuy (Hauts-Bassins), K\u00e9ra, Bagassi et Tenado (Boucle du Mouhoun), Zincko et Vousnago (Centre-Est), [&hellip;]<\/p>\n","protected":false},"author":1816,"featured_media":0,"comment_status":"closed","ping_status":"closed","sticky":false,"template":"","format":"standard","meta":{"fifu_image_url":"","fifu_image_alt":"","footnotes":""},"categories":[73,81],"tags":[],"class_list":["post-68915","post","type-post","status-publish","format-standard","hentry","category-actualite","category-burkina-faso"],"_links":{"self":[{"href":"https:\/\/linitiative.ca\/International\/wp-json\/wp\/v2\/posts\/68915","targetHints":{"allow":["GET"]}}],"collection":[{"href":"https:\/\/linitiative.ca\/International\/wp-json\/wp\/v2\/posts"}],"about":[{"href":"https:\/\/linitiative.ca\/International\/wp-json\/wp\/v2\/types\/post"}],"author":[{"embeddable":true,"href":"https:\/\/linitiative.ca\/International\/wp-json\/wp\/v2\/users\/1816"}],"replies":[{"embeddable":true,"href":"https:\/\/linitiative.ca\/International\/wp-json\/wp\/v2\/comments?post=68915"}],"version-history":[{"count":0,"href":"https:\/\/linitiative.ca\/International\/wp-json\/wp\/v2\/posts\/68915\/revisions"}],"wp:attachment":[{"href":"https:\/\/linitiative.ca\/International\/wp-json\/wp\/v2\/media?parent=68915"}],"wp:term":[{"taxonomy":"category","embeddable":true,"href":"https:\/\/linitiative.ca\/International\/wp-json\/wp\/v2\/categories?post=68915"},{"taxonomy":"post_tag","embeddable":true,"href":"https:\/\/linitiative.ca\/International\/wp-json\/wp\/v2\/tags?post=68915"}],"curies":[{"name":"wp","href":"https:\/\/api.w.org\/{rel}","templated":true}]}}