{"id":69014,"date":"2019-12-01T11:44:25","date_gmt":"2019-12-01T16:44:25","guid":{"rendered":"https:\/\/linitiative.ca\/International\/conference-sur-les-defis-culturels-au-21eme-siecle-a-lif-de-marrakech\/"},"modified":"2019-12-01T11:44:25","modified_gmt":"2019-12-01T16:44:25","slug":"conference-sur-les-defis-culturels-au-21eme-siecle-a-lif-de-marrakech","status":"publish","type":"post","link":"https:\/\/linitiative.ca\/International\/conference-sur-les-defis-culturels-au-21eme-siecle-a-lif-de-marrakech\/","title":{"rendered":"Conf\u00e9rence sur les d\u00e9fis culturels  au 21\u00e8me si\u00e8cle \u00e0 l\u2019IF de Marrakech"},"content":{"rendered":"<header>\n<\/header>\n<div class=\"entry-content clearfix\" readability=\"44\"><img decoding=\"async\" class=\"post_layout_5_img\" src=\"http:\/\/aujourdhui.ma\/wp-content\/uploads\/2019\/11\/Institut-franc%CC%A7ais-de-Marrakech.jpg?x29840\" alt=\"Conf\u00e9rence sur les d\u00e9fis culturels au 21\u00e8me si\u00e8cle \u00e0 l\u2019IF de Marrakech\"\/><\/p>\n<p class=\"p1\"><span class=\"s1\"><span class=\"c4\"><strong>L\u2019Institut fran\u00e7ais de Marrakech accueillera le 6 d\u00e9cembre prochain une conf\u00e9rence internationale sous le th\u00e8me \u00abLa M\u00e9diterran\u00e9e : les d\u00e9fis culturels au 21e si\u00e8cle\u00bb avec la participation de plusieurs enseignants chercheurs et intellectuels marocains et fran\u00e7ais.<\/strong><\/span><\/span> <span id=\"more-324753\"\/><\/p>\n<p class=\"p1\"><span class=\"s1\">Les participants \u00e0 cette rencontre tenteront de r\u00e9pondre \u00e0 plusieurs questions, dont \u00abY a-t-il un Sud ou est-ce une notion relative?\u00bb, \u00abPourquoi la g\u00e9opolitique utilise-t-elle ce vocabulaire?\u00bb, \u00abFaut-il une pens\u00e9e m\u00e9diterran\u00e9enne ou une pens\u00e9e du Sud comme le dit Edgar Morin?\u00bb, \u00abDe quelle mani\u00e8re la lecture de la M\u00e9diterran\u00e9e peut-elle nous \u00e9clairer aujourd\u2019hui ?\u00bb, \u00abQuel pourrait \u00eatre l\u2019apport de la M\u00e9diterran\u00e9e \u00e0 l\u2019\u00e9laboration d\u2019une telle pens\u00e9e ?\u00bb\u2026<\/span><\/p>\n<\/div>\n<p>Auteur: ALM<br \/>\n<a href=\"http:\/\/aujourdhui.ma\/culture\/conference-sur-les-defis-culturels-au-21eme-siecle-a-lif-de-marrakech\">Cliquez ici pour lire l&rsquo;article depuis sa source.<\/a><\/p>\n","protected":false},"excerpt":{"rendered":"<p>L\u2019Institut fran\u00e7ais de Marrakech accueillera le 6 d\u00e9cembre prochain une conf\u00e9rence internationale sous le th\u00e8me \u00abLa M\u00e9diterran\u00e9e : les d\u00e9fis culturels au 21e si\u00e8cle\u00bb avec la participation de plusieurs enseignants chercheurs et intellectuels marocains et fran\u00e7ais. Les participants \u00e0 cette rencontre tenteront de r\u00e9pondre \u00e0 plusieurs questions, dont \u00abY a-t-il un Sud ou est-ce une [&hellip;]<\/p>\n","protected":false},"author":1759,"featured_media":0,"comment_status":"closed","ping_status":"closed","sticky":false,"template":"","format":"standard","meta":{"fifu_image_url":"","fifu_image_alt":"","footnotes":""},"categories":[73,54],"tags":[],"class_list":["post-69014","post","type-post","status-publish","format-standard","hentry","category-actualite","category-maroc"],"_links":{"self":[{"href":"https:\/\/linitiative.ca\/International\/wp-json\/wp\/v2\/posts\/69014","targetHints":{"allow":["GET"]}}],"collection":[{"href":"https:\/\/linitiative.ca\/International\/wp-json\/wp\/v2\/posts"}],"about":[{"href":"https:\/\/linitiative.ca\/International\/wp-json\/wp\/v2\/types\/post"}],"author":[{"embeddable":true,"href":"https:\/\/linitiative.ca\/International\/wp-json\/wp\/v2\/users\/1759"}],"replies":[{"embeddable":true,"href":"https:\/\/linitiative.ca\/International\/wp-json\/wp\/v2\/comments?post=69014"}],"version-history":[{"count":0,"href":"https:\/\/linitiative.ca\/International\/wp-json\/wp\/v2\/posts\/69014\/revisions"}],"wp:attachment":[{"href":"https:\/\/linitiative.ca\/International\/wp-json\/wp\/v2\/media?parent=69014"}],"wp:term":[{"taxonomy":"category","embeddable":true,"href":"https:\/\/linitiative.ca\/International\/wp-json\/wp\/v2\/categories?post=69014"},{"taxonomy":"post_tag","embeddable":true,"href":"https:\/\/linitiative.ca\/International\/wp-json\/wp\/v2\/tags?post=69014"}],"curies":[{"name":"wp","href":"https:\/\/api.w.org\/{rel}","templated":true}]}}