{"id":69016,"date":"2019-12-01T11:44:28","date_gmt":"2019-12-01T16:44:28","guid":{"rendered":"https:\/\/linitiative.ca\/International\/casablanca-8-et-5-ans-de-prison-pour-trois-violeurs\/"},"modified":"2019-12-01T11:44:28","modified_gmt":"2019-12-01T16:44:28","slug":"casablanca-8-et-5-ans-de-prison-pour-trois-violeurs","status":"publish","type":"post","link":"https:\/\/linitiative.ca\/International\/casablanca-8-et-5-ans-de-prison-pour-trois-violeurs\/","title":{"rendered":"Casablanca : 8 et 5 ans de prison pour trois violeurs"},"content":{"rendered":"<header>\n<\/header>\n<div class=\"entry-content clearfix\" readability=\"48\"><img decoding=\"async\" class=\"post_layout_5_img\" src=\"http:\/\/aujourdhui.ma\/wp-content\/uploads\/2017\/03\/Viol-kidnapping.jpg?x29840\" alt=\"Casablanca : 8 et 5 ans de prison pour trois violeurs\"\/><\/p>\n<p class=\"p1\"><span class=\"s1\"><span class=\"c4\"><strong>Pour avoir kidnapp\u00e9, s\u00e9questr\u00e9 et viol\u00e9 une jeune fille, trois malfaiteurs ont \u00e9t\u00e9 condamn\u00e9s, lundi dernier, par la chambre criminelle pr\u00e8s la Cour d\u2019appel de Casablanca \u00e0 des peines allant de 5 \u00e0 8 ans de r\u00e9clusion criminelle.<\/strong><\/span><\/span><span id=\"more-324944\"\/><\/p>\n<p class=\"p1\"><span class=\"s1\">A ce propos, deux des trois malfrats qui ont fait l\u2019objet d\u2019une plainte port\u00e9e par la victime ont \u00e9t\u00e9 condamn\u00e9s \u00e0 8 ans de r\u00e9clusion criminelle. Quant au troisi\u00e8me mis en cause, il a \u00e9cop\u00e9 de 5 ans. Les trois malfrats qui ont ni\u00e9, devant la Cour, les charges retenues contre eux ont tendu une sourici\u00e8re \u00e0 la jeune fille. Apr\u00e8s l\u2019avoir enlev\u00e9e et maltrait\u00e9e ils l\u2019ont viol\u00e9e collectivement avant de prendre la fuite. Mais, l\u2019enqu\u00eate polici\u00e8re a \u00e9t\u00e9 sold\u00e9e par leur arrestation.<\/span><\/p>\n<\/div>\n<p>Auteur: Abderrafii ALOUMLIKI<br \/>\n<a href=\"http:\/\/aujourdhui.ma\/faits-divers\/casablanca-8-et-5-ans-de-prison-pour-trois-violeurs\">Cliquez ici pour lire l&rsquo;article depuis sa source.<\/a><\/p>\n","protected":false},"excerpt":{"rendered":"<p>Pour avoir kidnapp\u00e9, s\u00e9questr\u00e9 et viol\u00e9 une jeune fille, trois malfaiteurs ont \u00e9t\u00e9 condamn\u00e9s, lundi dernier, par la chambre criminelle pr\u00e8s la Cour d\u2019appel de Casablanca \u00e0 des peines allant de 5 \u00e0 8 ans de r\u00e9clusion criminelle. A ce propos, deux des trois malfrats qui ont fait l\u2019objet d\u2019une plainte port\u00e9e par la victime [&hellip;]<\/p>\n","protected":false},"author":1759,"featured_media":0,"comment_status":"closed","ping_status":"closed","sticky":false,"template":"","format":"standard","meta":{"fifu_image_url":"","fifu_image_alt":"","footnotes":""},"categories":[73,54],"tags":[],"class_list":["post-69016","post","type-post","status-publish","format-standard","hentry","category-actualite","category-maroc"],"_links":{"self":[{"href":"https:\/\/linitiative.ca\/International\/wp-json\/wp\/v2\/posts\/69016","targetHints":{"allow":["GET"]}}],"collection":[{"href":"https:\/\/linitiative.ca\/International\/wp-json\/wp\/v2\/posts"}],"about":[{"href":"https:\/\/linitiative.ca\/International\/wp-json\/wp\/v2\/types\/post"}],"author":[{"embeddable":true,"href":"https:\/\/linitiative.ca\/International\/wp-json\/wp\/v2\/users\/1759"}],"replies":[{"embeddable":true,"href":"https:\/\/linitiative.ca\/International\/wp-json\/wp\/v2\/comments?post=69016"}],"version-history":[{"count":0,"href":"https:\/\/linitiative.ca\/International\/wp-json\/wp\/v2\/posts\/69016\/revisions"}],"wp:attachment":[{"href":"https:\/\/linitiative.ca\/International\/wp-json\/wp\/v2\/media?parent=69016"}],"wp:term":[{"taxonomy":"category","embeddable":true,"href":"https:\/\/linitiative.ca\/International\/wp-json\/wp\/v2\/categories?post=69016"},{"taxonomy":"post_tag","embeddable":true,"href":"https:\/\/linitiative.ca\/International\/wp-json\/wp\/v2\/tags?post=69016"}],"curies":[{"name":"wp","href":"https:\/\/api.w.org\/{rel}","templated":true}]}}