{"id":69022,"date":"2019-12-01T05:57:15","date_gmt":"2019-12-01T10:57:15","guid":{"rendered":"https:\/\/linitiative.ca\/International\/deux-ou-trois-choses-en-marge-de-la-fete\/"},"modified":"2019-12-01T05:57:15","modified_gmt":"2019-12-01T10:57:15","slug":"deux-ou-trois-choses-en-marge-de-la-fete","status":"publish","type":"post","link":"https:\/\/linitiative.ca\/International\/deux-ou-trois-choses-en-marge-de-la-fete\/","title":{"rendered":"Deux ou trois choses en marge de la f\u00eate"},"content":{"rendered":"<p class=\"has-text-color has-vivid-cyan-blue-color c2\"><strong><em>Marrakech accueille la f\u00eate internationale du cin\u00e9ma. En d\u00e9clinant quelques composantes\u00a0 de sa programmation 2019, le festival international du film de Marrakech annonce la couleur et confirme une tendance. Du jury aux hommages en passant par les conversations avec, le pays invit\u00e9, le festival de Marrakech offre cette ann\u00e9e une brillante synth\u00e8se de ce qui fait sa touche et lui assure de plus en plus un ancrage original parmi le calendrier tr\u00e8s serr\u00e9 des manifestations cin\u00e9matographiques internationales: cin\u00e9phile, professionnel et populaire. De Robert Redford, star \u00e9ternelle et figure de ce que le cin\u00e9ma ind\u00e9pendant am\u00e9ricain a de meilleur, \u00e0 Mouna Fettou, com\u00e9dienne authentiquement populaire, celle par qui le cin\u00e9ma marocain a r\u00e9ussi le tournant des ann\u00e9es 1990, le tournant de la rencontre avec son public\u2026le festival reste le lieu de rendez-vous des \u00e9toiles.<\/em><\/strong><\/p>\n<p>Ce faisant, le festival s\u2019inscrit dans une certaine continuit\u00e9. Il reprend et prolonge les acquis forg\u00e9s par les fondateurs. Un processus de maturation port\u00e9 par une profondeur historique. Certes, le festival n\u2019a pas encore vingt ans, et il se positionne d\u00e9j\u00e0 et en toute l\u00e9gitimit\u00e9 parmi les grands. Mais comparaison n\u2019est pas raison, c\u2019est en forgeant sa propre identit\u00e9 qu\u2019il confirmera les bonnes intentions de d\u00e9part et les nombreuses attentes qui l\u2019accompagnent.<\/p>\n<p>Et \u00e0 ce propos, il est utile d\u2019engager un d\u00e9bat serein autour de certains choix qui ne cessent de susciter des interrogations et d\u2019animer des pol\u00e9miques souvent st\u00e9riles. C\u2019est le cas notamment de la pr\u00e9sence du cin\u00e9ma marocain au festival et des crit\u00e8res qui pr\u00e9sident \u00e0 la constitution de la comp\u00e9tition officielle. Les deux points sont li\u00e9s. Pour cette \u00e9dition, la direction artistique coll\u00e9giale a avanc\u00e9 l\u2019id\u00e9e que le festival sera d\u00e9di\u00e9 d\u00e9sormais aux premiers et aux deuxi\u00e8mes films. Si cela se confirme au niveau du r\u00e8glement du festival (c\u2019est-\u00e0-dire \u00e9crit noir sur blanc), il s\u2019agira d\u2019une erreur strat\u00e9gique et d\u2019une mauvaise appr\u00e9ciation du r\u00f4le du festival.<\/p>\n<p>C\u2019est notamment une mani\u00e8re flagrante de p\u00e9naliser les cin\u00e9astes marocains en les privant d\u2019un horizon qui nourrit le travail d\u2019un grand nombre d\u2019entre eux. Je rappelle que le choix des premiers et deuxi\u00e8mes films n\u2019est pas in\u00e9dit. Avant m\u00eame l\u2019arriv\u00e9e de la nouvelle \u00e9quipe, Bruno Barde et Nour Eddine Sa\u00efl \u00e9taient arriv\u00e9s \u00e0 cette option d\u2019une mani\u00e8re graduelle et pragmatique, notamment pour les films provenant d\u2019Asie, d\u2019Am\u00e9rique centrale et latine. Le FIFM n\u2019a pas (encore ?) les moyens de concurrencer les festivals d\u00e9j\u00e0 \u00e9tablis ou ceux qui arrivent avec de gros moyens. Tabler sur les premiers et deuxi\u00e8mes films est donc un choix de raison sans \u00eatre dogmatique ou ferm\u00e9 sur les possibilit\u00e9s qui se pr\u00e9sentent ; et qui ne ferme pas la porte \u00e0 des exceptions notamment pour le cin\u00e9ma marocain. Le festival constituant, en effet, \u00a0une forme d\u2019\u00e9mulation et de motivation, pour les cin\u00e9astes. Voire une cons\u00e9cration pour ceux qui ne sont pas dans les r\u00e9seaux menant \u00e0 Cannes.<\/p>\n<p>L\u2019\u00e9volution de la pr\u00e9sence des films marocains au FIFM traduit l\u2019\u00e9volution du cin\u00e9ma qui les porte\u00a0; le FIFM offrant une sorte de bilan p\u00e9riodique et fonctionnant comme une locomotive pointant le cap vers des horizons ambitieux pour le cin\u00e9ma marocain. <strong>En effet, un cin\u00e9ma ne pourra \u00eatre appr\u00e9ci\u00e9 dans sa dimension artistique historique que si nous pouvons le rapprocher des autres productions de son temps<\/strong>. \u00abUne \u0153uvre d\u2019art, en l\u2019occurrence un film, n\u2019a d\u2019existence et n\u2019est reconnue en tant que telle qu\u2019au sein d\u2019un horizon artistique global\u00bb. Au sein d\u2019un festival par exemple de la dimension du FIFM qui chaque ann\u00e9e a pour projet de dire et de rendre compte, au tant que possible se peut, des perspectives qui s\u2019offrent aux films d\u2019une \u00e9poque donn\u00e9e. \u2026Il y a ainsi tout un \u00e9change symbolique qui s\u2019op\u00e8re \u00e0 travers le dialogue des images dans une intertextualit\u00e9 pleine de promesses.<\/p>\n<p>Cependant, il ne faut pas se tromper de concept. Le lieu de promotion du cin\u00e9ma marocain est Tanger avec le festival national du film ; il ne faut pas se leurrer non plus : un programmateur international, un distributeur ou m\u00eame un producteur ne vient pas \u00e0 Marrakech pour d\u00e9couvrir, acheter ou programmer un film marocain. L\u2019affirmer c\u2019est faire preuve de na\u00efvet\u00e9. Figurer dans un festival international\u00a0 rel\u00e8ve d\u2019une alchimie qui n\u2019a rien \u00e0 voir avec un pot pris au Mamounia. Ce sont les r\u00e9seaux de financement qui dictent leur agenda et programment le destin d\u2019un film en amont comme en aval.<\/p>\n<p>Auteur: M&rsquo;hammed rahal<br \/>\n<a href=\"http:\/\/albayane.press.ma\/deux-ou-trois-choses-en-marge-de-la-fete.html\">Cliquez ici pour lire l&rsquo;article depuis sa source.<\/a><\/p>\n","protected":false},"excerpt":{"rendered":"<p>Marrakech accueille la f\u00eate internationale du cin\u00e9ma. En d\u00e9clinant quelques composantes\u00a0 de sa programmation 2019, le festival international du film de Marrakech annonce la couleur et confirme une tendance. Du jury aux hommages en passant par les conversations avec, le pays invit\u00e9, le festival de Marrakech offre cette ann\u00e9e une brillante synth\u00e8se de ce qui [&hellip;]<\/p>\n","protected":false},"author":1760,"featured_media":0,"comment_status":"closed","ping_status":"closed","sticky":false,"template":"","format":"standard","meta":{"fifu_image_url":"","fifu_image_alt":"","footnotes":""},"categories":[73,54],"tags":[],"class_list":["post-69022","post","type-post","status-publish","format-standard","hentry","category-actualite","category-maroc"],"_links":{"self":[{"href":"https:\/\/linitiative.ca\/International\/wp-json\/wp\/v2\/posts\/69022","targetHints":{"allow":["GET"]}}],"collection":[{"href":"https:\/\/linitiative.ca\/International\/wp-json\/wp\/v2\/posts"}],"about":[{"href":"https:\/\/linitiative.ca\/International\/wp-json\/wp\/v2\/types\/post"}],"author":[{"embeddable":true,"href":"https:\/\/linitiative.ca\/International\/wp-json\/wp\/v2\/users\/1760"}],"replies":[{"embeddable":true,"href":"https:\/\/linitiative.ca\/International\/wp-json\/wp\/v2\/comments?post=69022"}],"version-history":[{"count":0,"href":"https:\/\/linitiative.ca\/International\/wp-json\/wp\/v2\/posts\/69022\/revisions"}],"wp:attachment":[{"href":"https:\/\/linitiative.ca\/International\/wp-json\/wp\/v2\/media?parent=69022"}],"wp:term":[{"taxonomy":"category","embeddable":true,"href":"https:\/\/linitiative.ca\/International\/wp-json\/wp\/v2\/categories?post=69022"},{"taxonomy":"post_tag","embeddable":true,"href":"https:\/\/linitiative.ca\/International\/wp-json\/wp\/v2\/tags?post=69022"}],"curies":[{"name":"wp","href":"https:\/\/api.w.org\/{rel}","templated":true}]}}