{"id":69023,"date":"2019-12-01T06:03:25","date_gmt":"2019-12-01T11:03:25","guid":{"rendered":"https:\/\/linitiative.ca\/International\/conserves-nocives-de-boulettes-de-sardine\/"},"modified":"2019-12-01T06:03:25","modified_gmt":"2019-12-01T11:03:25","slug":"conserves-nocives-de-boulettes-de-sardine","status":"publish","type":"post","link":"https:\/\/linitiative.ca\/International\/conserves-nocives-de-boulettes-de-sardine\/","title":{"rendered":"Conserves nocives de boulettes de sardine"},"content":{"rendered":"<p class=\"has-text-color has-vivid-red-color c2\"><strong>ONSSA : retrait total du lot en question<\/strong><\/p>\n<p><strong>L\u2019Office national de s\u00e9curit\u00e9 sanitaire des produits alimentaires (ONSSA) a indiqu\u00e9, jeudi, qu\u2019il a \u00e9t\u00e9 constat\u00e9 qu\u2019un \u00e9chantillon d\u2019un lot de conserves de boulettes de sardine produit le 22-10-2018 par la Soci\u00e9t\u00e9 AVEIRO MAROC est non conforme sur le plan sanitaire, relevant que ladite soci\u00e9t\u00e9 a proc\u00e9d\u00e9 imm\u00e9diatement au retrait total de ce lot aupr\u00e8s de ses clients.<\/strong><\/p>\n<p>\u00ab\u00a0Dans le cadre des interventions r\u00e9guli\u00e8res des services du contr\u00f4le de l\u2019ONSSA, il a \u00e9t\u00e9 constat\u00e9 qu\u2019un \u00e9chantillon d\u2019un lot de conserves de boulettes de sardine produit le 22-10-2018 par la Soci\u00e9t\u00e9 AVEIRO MAROC est non conforme sur le plan sanitaire\u00bb, pr\u00e9cise l\u2019Office dans un communiqu\u00e9, notant que\u00a0 \u00abimm\u00e9diatement inform\u00e9e, ladite Soci\u00e9t\u00e9 a proc\u00e9d\u00e9 au retrait total de ce lot aupr\u00e8s de ses clients gr\u00e2ce au syst\u00e8me de tra\u00e7abilit\u00e9 dont elle dispose\u00bb.<\/p>\n<p>En parall\u00e8le, les investigations men\u00e9es par les services de l\u2019ONSSA aupr\u00e8s de ladite soci\u00e9t\u00e9 ont montr\u00e9 que les pratiques de fabrication, de tra\u00e7abilit\u00e9 et de qualit\u00e9 \u00abne rel\u00e8vent aucune anomalie\u00bb. Selon la m\u00eame source, des analyses sur un large \u00e9chantillonnage des produits de marque \u00abCARLE\u00bb fabriqu\u00e9s par cette soci\u00e9t\u00e9 ont \u00e9t\u00e9 jug\u00e9s conformes et ne pr\u00e9sentent aucun risque pour le consommateur.<\/p>\n<p>Auteur: M&rsquo;hammed rahal<br \/>\n<a href=\"http:\/\/albayane.press.ma\/conserves-nocives-de-boulettes-de-sardine.html\">Cliquez ici pour lire l&rsquo;article depuis sa source.<\/a><\/p>\n","protected":false},"excerpt":{"rendered":"<p>ONSSA : retrait total du lot en question L\u2019Office national de s\u00e9curit\u00e9 sanitaire des produits alimentaires (ONSSA) a indiqu\u00e9, jeudi, qu\u2019il a \u00e9t\u00e9 constat\u00e9 qu\u2019un \u00e9chantillon d\u2019un lot de conserves de boulettes de sardine produit le 22-10-2018 par la Soci\u00e9t\u00e9 AVEIRO MAROC est non conforme sur le plan sanitaire, relevant que ladite soci\u00e9t\u00e9 a proc\u00e9d\u00e9 [&hellip;]<\/p>\n","protected":false},"author":1760,"featured_media":0,"comment_status":"closed","ping_status":"closed","sticky":false,"template":"","format":"standard","meta":{"fifu_image_url":"","fifu_image_alt":"","footnotes":""},"categories":[73,54],"tags":[],"class_list":["post-69023","post","type-post","status-publish","format-standard","hentry","category-actualite","category-maroc"],"_links":{"self":[{"href":"https:\/\/linitiative.ca\/International\/wp-json\/wp\/v2\/posts\/69023","targetHints":{"allow":["GET"]}}],"collection":[{"href":"https:\/\/linitiative.ca\/International\/wp-json\/wp\/v2\/posts"}],"about":[{"href":"https:\/\/linitiative.ca\/International\/wp-json\/wp\/v2\/types\/post"}],"author":[{"embeddable":true,"href":"https:\/\/linitiative.ca\/International\/wp-json\/wp\/v2\/users\/1760"}],"replies":[{"embeddable":true,"href":"https:\/\/linitiative.ca\/International\/wp-json\/wp\/v2\/comments?post=69023"}],"version-history":[{"count":0,"href":"https:\/\/linitiative.ca\/International\/wp-json\/wp\/v2\/posts\/69023\/revisions"}],"wp:attachment":[{"href":"https:\/\/linitiative.ca\/International\/wp-json\/wp\/v2\/media?parent=69023"}],"wp:term":[{"taxonomy":"category","embeddable":true,"href":"https:\/\/linitiative.ca\/International\/wp-json\/wp\/v2\/categories?post=69023"},{"taxonomy":"post_tag","embeddable":true,"href":"https:\/\/linitiative.ca\/International\/wp-json\/wp\/v2\/tags?post=69023"}],"curies":[{"name":"wp","href":"https:\/\/api.w.org\/{rel}","templated":true}]}}