{"id":69024,"date":"2019-12-01T11:41:11","date_gmt":"2019-12-01T16:41:11","guid":{"rendered":"https:\/\/linitiative.ca\/International\/lancement-de-la-plateforme-financini\/"},"modified":"2019-12-01T11:41:11","modified_gmt":"2019-12-01T16:41:11","slug":"lancement-de-la-plateforme-financini","status":"publish","type":"post","link":"https:\/\/linitiative.ca\/International\/lancement-de-la-plateforme-financini\/","title":{"rendered":"Lancement de la plateforme FINANCINI"},"content":{"rendered":"<p>La CONECT a lanc\u00e9 jeudi 28 novembre 2019, en collaboration avec le r\u00e9seau ANIMA Investment Network, la premi\u00e8re plateforme digitale qui regroupe les m\u00e9canismes de financement et d\u2019accompagnement des entrepreneurs en Tunisie\u00a0:\u00a0<a href=\"http:\/\/www.financini.org.tn\/\" rel=\"noreferrer noopener\" target=\"_blank\">www.financini.org.tn<\/a><\/p>\n<p>Cette plateforme est le fruit d\u2019un travail de concertation entam\u00e9 d\u00e8s 2016 par la CONECT, aupr\u00e8s d\u2019entrepreneurs locaux et de la diaspora tunisienne, de repr\u00e9sentants de l\u2019\u00e9cosyst\u00e8me tunisien et de diff\u00e9rentes institutions, r\u00e9unis lors d\u2019ateliers et enqu\u00eates r\u00e9alis\u00e9s dans le cadre du projet DiafrikInvest financ\u00e9 par l\u2019Union Europ\u00e9enne. Ce projet vise \u00e0 mobiliser les diasporas \u00e9conomiques du Maroc, du S\u00e9n\u00e9gal et de la Tunisie, en faveur de la promotion de l\u2019entrepreneuriat et l\u2019\u00e9mergence d\u2019une dynamique de co-investissement<\/p>\n<p>Plus de 200 de m\u00e9canismes de financement et d\u2019appui ont \u00e9t\u00e9 identifi\u00e9s et sont recens\u00e9s sur la plateforme\u00a0<a href=\"http:\/\/financini.org.tn\/\" rel=\"noreferrer noopener\" target=\"_blank\">Financini.org.tn<\/a>\u00a0afin de faciliter les recherches des financements ad\u00e9quats pour les entrepreneurs tunisiens et de la diaspora tunisienne.<\/p>\n<p>Cette plateforme regroupe \u00e9galement les profils d\u2019experts et mentors qui sont \u00e0 la disposition des entrepreneurs qui souhaitent b\u00e9n\u00e9ficier d\u2019informations et de conseils. A terme, cet outil listera des opportunit\u00e9s d\u2019investissement au profit de tous les acteurs d\u00e9sireux d\u2019investir en Tunisie.<\/p>\n<p>Le lancement de\u00a0<a href=\"http:\/\/financini.org.tn\/\" rel=\"noreferrer noopener\" target=\"_blank\">Financini.org.tn<\/a>\u00a0a par ailleurs \u00e9t\u00e9 marqu\u00e9 par la signature de deux protocoles d\u2019accord avec la plateforme Tamweeli qui assurera le suivi des demandes de financement des<\/p>\n<p>Entrepreneurs jusqu\u2019\u00e0 l\u2019aboutissement, ainsi que Fusacq qui a pour objectif d\u2019\u00eatre une interface de transmission d\u2019entreprises.<\/p>\n<p class=\"dpsp-share-text\">Partager c&rsquo;est aimer!<\/p>\n<div class=\"wp-post-author-wrap wp-post-author-shortcode left\">\n<h3 class=\"awpa-title\"\/>\n<div class=\"wp-post-author\">\n<div class=\"awpa-img awpa-author-block square\"><a href=\"http:\/\/lexpertjournal.net\/fr\/author\/expert\/\"><img loading=\"lazy\" decoding=\"async\" alt=\"\" src=\"http:\/\/0.gravatar.com\/avatar\/c828f0b17d24309f0d01a4eac3747085?s=150&#038;d=mm&#038;r=g\" srcset=\"http:\/\/0.gravatar.com\/avatar\/c828f0b17d24309f0d01a4eac3747085?s=300&#038;d=mm&#038;r=g 2x\" class=\"avatar avatar-150 photo\" height=\"150\" width=\"150\"\/><\/a><\/div>\n<\/div>\n<\/div>\n<p>Auteur: L&rsquo;expert<br \/>\n<a href=\"http:\/\/lexpertjournal.net\/fr\/2019\/12\/01\/lancement-de-la-plateforme-financini\/\">Cliquez ici pour lire l&rsquo;article depuis sa source.<\/a><\/p>\n","protected":false},"excerpt":{"rendered":"<p>La CONECT a lanc\u00e9 jeudi 28 novembre 2019, en collaboration avec le r\u00e9seau ANIMA Investment Network, la premi\u00e8re plateforme digitale qui regroupe les m\u00e9canismes de financement et d\u2019accompagnement des entrepreneurs en Tunisie\u00a0:\u00a0www.financini.org.tn Cette plateforme est le fruit d\u2019un travail de concertation entam\u00e9 d\u00e8s 2016 par la CONECT, aupr\u00e8s d\u2019entrepreneurs locaux et de la diaspora tunisienne, [&hellip;]<\/p>\n","protected":false},"author":1775,"featured_media":0,"comment_status":"closed","ping_status":"closed","sticky":false,"template":"","format":"standard","meta":{"fifu_image_url":"","fifu_image_alt":"","footnotes":""},"categories":[78,55],"tags":[],"class_list":["post-69024","post","type-post","status-publish","format-standard","hentry","category-economie","category-tunisie"],"_links":{"self":[{"href":"https:\/\/linitiative.ca\/International\/wp-json\/wp\/v2\/posts\/69024","targetHints":{"allow":["GET"]}}],"collection":[{"href":"https:\/\/linitiative.ca\/International\/wp-json\/wp\/v2\/posts"}],"about":[{"href":"https:\/\/linitiative.ca\/International\/wp-json\/wp\/v2\/types\/post"}],"author":[{"embeddable":true,"href":"https:\/\/linitiative.ca\/International\/wp-json\/wp\/v2\/users\/1775"}],"replies":[{"embeddable":true,"href":"https:\/\/linitiative.ca\/International\/wp-json\/wp\/v2\/comments?post=69024"}],"version-history":[{"count":0,"href":"https:\/\/linitiative.ca\/International\/wp-json\/wp\/v2\/posts\/69024\/revisions"}],"wp:attachment":[{"href":"https:\/\/linitiative.ca\/International\/wp-json\/wp\/v2\/media?parent=69024"}],"wp:term":[{"taxonomy":"category","embeddable":true,"href":"https:\/\/linitiative.ca\/International\/wp-json\/wp\/v2\/categories?post=69024"},{"taxonomy":"post_tag","embeddable":true,"href":"https:\/\/linitiative.ca\/International\/wp-json\/wp\/v2\/tags?post=69024"}],"curies":[{"name":"wp","href":"https:\/\/api.w.org\/{rel}","templated":true}]}}