{"id":69026,"date":"2019-12-01T11:47:30","date_gmt":"2019-12-01T16:47:30","guid":{"rendered":"https:\/\/linitiative.ca\/International\/tunisian-smart-cities-retour-sur-les-projets-inities-dans-les-regions\/"},"modified":"2019-12-01T11:47:30","modified_gmt":"2019-12-01T16:47:30","slug":"tunisian-smart-cities-retour-sur-les-projets-inities-dans-les-regions","status":"publish","type":"post","link":"https:\/\/linitiative.ca\/International\/tunisian-smart-cities-retour-sur-les-projets-inities-dans-les-regions\/","title":{"rendered":"Tunisian Smart Cities : retour sur les projets initi\u00e9s dans les r\u00e9gions"},"content":{"rendered":"<p>A l\u2019heure o\u00f9 l\u2019urbanisation s\u2019acc\u00e9l\u00e8re et que la mobilit\u00e9 urbaine devient un d\u00e9fi de tous les<br \/>instants, la notion de la ville intelligente et durable commence \u00e0 prendre place dans les d\u00e9bats<br \/>sur la ville de demain en Tunisie. L\u2019expression de ville intelligente, traduction de l\u2019anglais<br \/>Smart City, d\u00e9signe une ville qui exploite le num\u00e9rique pour am\u00e9liorer la qualit\u00e9 de vie du<br \/>citoyen et r\u00e9pondre aux exigences des g\u00e9n\u00e9rations pr\u00e9sentes et futures en ce qui concerne les<br \/>aspects \u00e9conomique, social, environnemental mais aussi culturel.<br \/>Appuy\u00e9e par une forte volont\u00e9 citoyenne de changer l\u2019avenir de la ville tunisienne et<br \/>promouvoir une ville durable, innovante et collaborative, la notion de Smart City commence \u00e0<br \/>s\u2019\u00e9claircir et les premiers p\u00e9rim\u00e8tres smart commencent \u00e0 se dessiner dans diff\u00e9rentes r\u00e9gions<br \/>du pays.<br \/>A Abidjan, Bizerte t\u00e9moigne de son exp\u00e9rience en tant que smart city<br \/>Bizerte, en tant que ville intelligente et durable leader, commence depuis une dizaine d\u2019ann\u00e9es<br \/>\u00e0 int\u00e9grer les premiers composants intelligents dans diff\u00e9rents projets, essentiellement li\u00e9s aux<br \/>domaines de la gestion de la mobilit\u00e9, de l\u2019\u00e9nergie, du service public, du logement et de la<br \/>mobilit\u00e9 int\u00e9gr\u00e9e.<br \/>Dans une interview qui nous a \u00e9t\u00e9 accord\u00e9e, Kamel Ben Amara, maire de Bizerte, nous a fait<br \/>part des avancements r\u00e9alis\u00e9s \u00e0 Bizerte en ce qui concerne la d\u00e9marche num\u00e9rique visant \u00e0<br \/>optimiser la qualit\u00e9 de vie du citoyen.<br \/>\u00ab Tous les engins des travaux et de collecte de d\u00e9chets d\u00e9tenus par la municipalit\u00e9 de Bizerte<br \/>sont d\u00e9sormais dot\u00e9s du syst\u00e8me GPS, ce qui facilite consid\u00e9rablement le travail des services<br \/>de surveillance et de contr\u00f4le au sein de la municipalit\u00e9. Un acc\u00e8s wifi outdoor tr\u00e8s haut d\u00e9bit<br \/>a \u00e9t\u00e9 d\u00e9ploy\u00e9 et ouvert au public gratuitement 24h\/24 et 7j\/7 avec une possibilit\u00e9 de<br \/>connexion simultan\u00e9e de 400 personnes. Le r\u00e9seau wifi couvre actuellement la place des arts<br \/>situ\u00e9e en face du palais de la municipalit\u00e9. Le conseil municipal a proc\u00e9d\u00e9 \u00e9galement \u00e0 la<br \/>num\u00e9risation et la modernisation de l\u2019administration \u00e0 travers la r\u00e9duction de l\u2019usage de<br \/>papiers. Nous avons commenc\u00e9 en coop\u00e9ration avec l\u2019ATI (Agence tunisienne d\u2019Internet) par<br \/>le d\u00e9ploiement d\u2019un service Intranet et nous comptons mettre en place, dans une \u00e9tape<br \/>suivante, le service de gestion du courrier et pourquoi pas le service de gestion \u00e9lectronique<br \/>des documents \u00ab , avance-t-il.<br \/>Le maire de Bizerte a ajout\u00e9 que d\u2019autres projets entrepris dans le cadre d\u2019une coop\u00e9ration<br \/>avec l\u2019AFD (Agence fran\u00e7aise de d\u00e9veloppement) sont fin pr\u00eats et devront \u00eatre finalis\u00e9s avant<br \/>la fin du mois de novembre 2019, y compris l\u2019installation de syst\u00e8mes de vid\u00e9osurveillance,<br \/>l\u2019\u00e9clairage public intelligent et le lancement d\u2019applications mobile qui devront permettre aux<br \/>citoyens de d\u00e9poser des r\u00e9clamations et des commentaires et de signaler des anomalies en<br \/>ligne. L\u2019\u00e9nergie propre \u00e0 100% figure parmi nos projets \u00e0 l\u2019horizon 2030.<br \/>A noter que la ville de Bizerte a \u00e9t\u00e9 s\u00e9lectionn\u00e9e avec cinq villes pilotes en Afrique, \u00e0 cot\u00e9 de<br \/>Antananarivo (Madagascar), Conakry (R\u00e9publique de Guin\u00e9e), Dodoma (Tanzanie) et<br \/>Libreville (Gabon), pour la phase pilote du diagnostic des villes 2019-2020. Une d\u00e9l\u00e9gation<br \/>tunisienne pr\u00e9sid\u00e9e par le maire de Bizerte s\u2019est rendue \u00e0 Abidjan pour participer \u00e0 un atelier<br \/>destin\u00e9 \u00e0 examiner les m\u00e9thodologies de diagnostic des villes en d\u00e9veloppement urbain durant<br \/>lequel Bizerte a brill\u00e9 avec sa vision de son territoire. L\u2019atelier a \u00e9t\u00e9 organis\u00e9 en coop\u00e9ration<br \/>entre la Banque africaine de d\u00e9veloppement (BAD), le Fonds de d\u00e9veloppement urbain et<br \/>municipal (UMDF) et la Coop\u00e9ration \u00e9conomique entre l\u2019Afrique et la Cor\u00e9e (KOAFEC).<br \/>Gabes Smart City, un r\u00eave qui s\u2019approche plus de la r\u00e9alit\u00e9<br \/>Apr\u00e8s Bizerte, la ville de Gabes se r\u00eave en ville innovante et durable. Le projet Gabes Smart<br \/>City a \u00e9t\u00e9 lanc\u00e9, en marge d\u2019Afric\u2019Up, sous la marque \u00ab Gabes l\u2019oasis intelligente \u00bb. C\u2019est le<br \/>deuxi\u00e8me quartier smart en Tunisie apr\u00e8s \u00ab La perle du Lac \u00bb. Ce projet ambitieux appuy\u00e9 par<\/p>\n<p>le gouvernorat de Gabes, la municipalit\u00e9 de Gabes, les organisations r\u00e9gionales et les<br \/>composantes de la soci\u00e9t\u00e9 civile \u00e0 Gabes vise \u00e0 construire un quartier \u00e9cologique et durable<br \/>dans l\u2019une des villes les plus pollu\u00e9es au niveau national. Un terrain de 42 hectares a \u00e9t\u00e9 allou\u00e9<br \/>au projet au coeur de la ville, \u00e0 la limite entre la mer, l\u2019oasis et le canal de Gabes. D\u2019autres<br \/>p\u00e9rim\u00e8tres seront programm\u00e9s ult\u00e9rieurement dans une logique intercommunale.<br \/>Le projet qui introduit une vision de la ville \u00e0 l\u2019horizon 2050 a \u00e9t\u00e9 con\u00e7u en tenant compte des<br \/>sp\u00e9cificit\u00e9s des r\u00e9gions aux alentours et en respectant les objectifs du d\u00e9veloppement durable<br \/>(ODD) ainsi que les caract\u00e9ristiques de la ville intelligente et durable. Il devra s\u2019articuler<br \/>autour d\u2019axes majeurs dont la mobilit\u00e9 urbaine et le d\u00e9veloppement de la qualit\u00e9 du service de<br \/>d\u00e9placement, la valorisation de la ligne c\u00f4ti\u00e8re et la mise en valeur de l\u2019oasis de Gabes.<br \/>D\u2019Utique \u00e0 Gafsa en passant par Siliana et Sfax, des projets smart ambitieux<br \/>D\u2019autres projets smart sont \u00e9galement en cours de d\u00e9ploiement dans les quatre coins du<br \/>territoire tunisien. A Sfax, les gestionnaires de la ville et les partenaires de d\u00e9veloppement ont<br \/>pens\u00e9, au premier lieu, \u00e0 l\u2019optimisation de la mobilit\u00e9 et la pr\u00e9servation de l\u2019environnement.<br \/>\u00ab Aujourd\u2019hui, on bouge beaucoup plus qu\u2019ult\u00e9rieurement puisqu\u2019il y a beaucoup plus de<br \/>modes de transport et beaucoup plus de rapidit\u00e9. Les mouvements sont devenus tr\u00e8s<br \/>nombreux par rapport \u00e0 la capacit\u00e9 d\u2019absorption de certains espaces. C\u2019est vrai que la mobilit\u00e9<br \/>cr\u00e9\u00e9 de la richesse, mais aussi des probl\u00e8mes contre lesquels il faut lutter. Pour ce faire, on<br \/>pense entre autre aux nouvelles technologies. Cela permettra de r\u00e9duire les effets de la<br \/>pollution en termes d\u2019\u00e9mission de gaz \u00e0 effet serre, de bruit, de nuisance visuelle, mais aussi<br \/>en terme d\u2019encombrement de l\u2019espace public, que ce soit par les v\u00e9hicules qui circulent ou<br \/>ceux qui sont en stationnement ill\u00e9gal \u00bb, affirme Mme. Faika Skander Cherif, enseignante \u00e0 la<br \/>Facult\u00e9 des sciences de Sfax.<br \/>Et d\u2019ajouter \u00ab Pour lutter contre tous ces probl\u00e8mes, il y a lieu de penser \u00e0 mettre en oeuvre des<br \/>vecteurs d\u2019une mobilit\u00e9 intelligente pour bouger dans le plus simplement possible, r\u00e9duire les<br \/>polluants et les encombrements, et pr\u00e9venir le recours abusif aux \u00e9nergies fossiles ; une<br \/>recherche et une adaptation de solutions alternatives et une l\u00e9gislation incitant \u00e0 la<br \/>pr\u00e9servation tant au niveau social, environnemental et \u00e9conomique \u00bb.<br \/>Utique ambitionne aussi de devenir une ville intelligente et durable \u00e0 travers le projet du<br \/>nouvel a\u00e9roport international destin\u00e9 \u00e0 desservir la capitale. Habib Hammami, maire d\u2019Utique,<br \/>a affirm\u00e9 que l\u2019emplacement de la ville d\u2019Utique \u00e0 la fronti\u00e8re entre Tunis et Bizerte en fait le<br \/>meilleur endroit pour la construction de cette nouvelle plateforme a\u00e9roportuaire qui devra \u00eatre<br \/>une solution pour d\u00e9sengorger le trafic a\u00e9rien et optimiser la gestion du flux des voyageurs<br \/>qui arrivent en Tunisie chaque ann\u00e9e.<br \/>\u00ab Le nouvel a\u00e9roport d\u2019Utique devrait \u00eatre construit dans la r\u00e9gion d\u2019El Mabtouh, \u00e0 seulement<br \/>40 kilom\u00e8tres de Tunis. Outre l\u2019a\u00e9roport, ce projet ambitieux devrait \u00e9galement inclure<br \/>d\u2019autres composants. En tant que conseil municipal, nous allons poursuivre nos efforts et<br \/>oeuvrer sans rel\u00e2che pour concr\u00e9tiser ce r\u00eave tant attendu \u00bb, indique-t-il.<br \/>A Gafsa, les \u00e9tudes du projet de la Smart City sont fin pr\u00eates. Le premier p\u00e9rim\u00e8tre smart dans<br \/>la r\u00e9gion devra s\u2019\u00e9tendre sur 1,5 km de longueur et 100 \u00e0 200 m\u00e8tres de largeur o\u00f9 se<br \/>concentrent la plupart des services et \u00e9tablissements publics. Il verra l\u2019installation de cam\u00e9ras<br \/>de surveillance et de lampadaires intelligentes pour r\u00e9duire la consommation d\u2019\u00e9nergie, la<br \/>digitalisation des services publics, la mise en place d\u2019un syst\u00e8me de gestion de places de<br \/>parking intelligent, l\u2019installation de poubelles intelligentes capables de faire le tri des ordures<br \/>et le r\u00e9am\u00e9nagement du jardin public La Libert\u00e9, sis en plein centre-ville de Gafsa, en pensant<br \/>Smart.<br \/>Abdelbari Ben Yakouta, enseignant universitaire \u00e0 la Facult\u00e9 des sciences de Gafsa et<br \/>pr\u00e9sident de l\u2019Association locale de la recherche scientifique, nous a confi\u00e9 que toutes les<br \/>\u00e9tudes pr\u00e9paratoires du projet Gafsa Smart City sont pr\u00eates et que toutes les applications<br \/>n\u00e9cessaires ont \u00e9t\u00e9 d\u00e9velopp\u00e9es. Un annuaire Smart de la ville de Gafsa a \u00e9t\u00e9 mis en place<\/p>\n<p>pour rapprocher l\u2019ensemble des acteurs de la ville de demain. \u00bbCe qui nous manque aujourd\u2019hui<br \/>pour concr\u00e9tiser le r\u00eave de la ville intelligente \u00e0 Gafsa, c\u2019est le financement \u00bb, souligne-t-il.<br \/>M. Ben Yakouta a poursuivi \u00ab Une nouveaut\u00e9 s\u2019ajoute \u00e0 ce projet : deux nouveaux projets<br \/>smart sont en cours d\u2019\u00e9tude et devront am\u00e9liorer les conditions de vie du citoyens \u00e0 Gafsa. Le<br \/>premier projet qui devra s\u2019\u00e9tendre sur un p\u00e9rim\u00e8tre de 2 km \u00e0 l\u2019entr\u00e9e de la ville vise<br \/>essentiellement \u00e0 promouvoir l\u2019adoption des technologies vertes (cr\u00e9ation d\u2019espaces verts,<br \/>installation de poubelles intelligentes). Le deuxi\u00e8me projet porte essentiellement sur la smart<br \/>agriculture et plus pr\u00e9cis\u00e9ment sur le contr\u00f4le intelligent d\u2019irrigation \u00bb.<br \/>Pour sa part, Abdelhamid Hammami, maire de Siliana, a affirm\u00e9 qu\u2019une commission \u00ab Siliana<br \/>2045\u2033 d\u00e9di\u00e9e \u00e0 la smart city qui a r\u00e9uni les diff\u00e9rentes composantes de la soci\u00e9t\u00e9 civile et des<br \/>experts de divers domaines a \u00e9t\u00e9 cr\u00e9\u00e9e et sera charg\u00e9e du suivi et d\u2019accompagnement des<br \/>projets de transformation de Siliana en ville intelligente et durable depuis les r\u00e9flexions<br \/>strat\u00e9giques jusqu\u2019\u00e0 leurs mises en \u0153uvre. Il a soulign\u00e9 que ce choix n\u2019\u00e9tait pas arbitraire \u00e9tant<br \/>que la municipalit\u00e9 de Siliana f\u00eatera en 2045 son 100e anniversaire.<br \/>Il a \u00e9galement pr\u00e9cis\u00e9 que pour mener \u00e0 bien ce projet, la municipalit\u00e9 de Siliana a proc\u00e9d\u00e9 \u00e0<br \/>la conclusion d\u2019un partenariat avec le centre r\u00e9gional de l\u2019informatique, une fondation priv\u00e9e<br \/>sp\u00e9cialis\u00e9e dans l\u2019accompagnent des jeunes passionn\u00e9s d\u2019informatique.<br \/>\u00ab Cette exp\u00e9rience a commenc\u00e9 d\u00e9j\u00e0 \u00e0 porter ses fruits. Une application mobile permettant aux<br \/>citoyens locaux de d\u00e9poser des r\u00e9clamations et des commentaires et de signaler des anomalies<br \/>en ligne devra \u00eatre lanc\u00e9e dans les jours qui viennent. D\u2019autres projets, notamment culturels et<br \/>artistiques sont \u00e9galement en cours d\u2019\u00e9tudes \u00bb.<br \/>Le maire a saisi l\u2019occasion pour appeler toutes les composantes de la soci\u00e9t\u00e9 civile et les<br \/>jeunes de Siliana \u00e0 s\u2019engager dans ce projet ambitieux et innovant qui contribuera \u00e0 changer<br \/>l\u2019avenir de la ville.<\/p>\n<p class=\"dpsp-share-text\">Partager c&rsquo;est aimer!<\/p>\n<div class=\"wp-post-author-wrap wp-post-author-shortcode left\">\n<h3 class=\"awpa-title\"\/>\n<div class=\"wp-post-author\">\n<div class=\"awpa-img awpa-author-block square\"><a href=\"http:\/\/lexpertjournal.net\/fr\/author\/expert\/\"><img loading=\"lazy\" decoding=\"async\" alt=\"\" src=\"http:\/\/0.gravatar.com\/avatar\/c828f0b17d24309f0d01a4eac3747085?s=150&#038;d=mm&#038;r=g\" srcset=\"http:\/\/0.gravatar.com\/avatar\/c828f0b17d24309f0d01a4eac3747085?s=300&#038;d=mm&#038;r=g 2x\" class=\"avatar avatar-150 photo\" height=\"150\" width=\"150\"\/><\/a><\/div>\n<\/div>\n<\/div>\n<p>Auteur: L&rsquo;expert<br \/>\n<a href=\"http:\/\/lexpertjournal.net\/fr\/2019\/12\/01\/tunisian-smart-cities-retour-sur-les-projets-inities-dans-les-regions\/\">Cliquez ici pour lire l&rsquo;article depuis sa source.<\/a><\/p>\n","protected":false},"excerpt":{"rendered":"<p>A l\u2019heure o\u00f9 l\u2019urbanisation s\u2019acc\u00e9l\u00e8re et que la mobilit\u00e9 urbaine devient un d\u00e9fi de tous lesinstants, la notion de la ville intelligente et durable commence \u00e0 prendre place dans les d\u00e9batssur la ville de demain en Tunisie. L\u2019expression de ville intelligente, traduction de l\u2019anglaisSmart City, d\u00e9signe une ville qui exploite le num\u00e9rique pour am\u00e9liorer la [&hellip;]<\/p>\n","protected":false},"author":1775,"featured_media":0,"comment_status":"closed","ping_status":"closed","sticky":false,"template":"","format":"standard","meta":{"fifu_image_url":"","fifu_image_alt":"","footnotes":""},"categories":[78,55],"tags":[],"class_list":["post-69026","post","type-post","status-publish","format-standard","hentry","category-economie","category-tunisie"],"_links":{"self":[{"href":"https:\/\/linitiative.ca\/International\/wp-json\/wp\/v2\/posts\/69026","targetHints":{"allow":["GET"]}}],"collection":[{"href":"https:\/\/linitiative.ca\/International\/wp-json\/wp\/v2\/posts"}],"about":[{"href":"https:\/\/linitiative.ca\/International\/wp-json\/wp\/v2\/types\/post"}],"author":[{"embeddable":true,"href":"https:\/\/linitiative.ca\/International\/wp-json\/wp\/v2\/users\/1775"}],"replies":[{"embeddable":true,"href":"https:\/\/linitiative.ca\/International\/wp-json\/wp\/v2\/comments?post=69026"}],"version-history":[{"count":0,"href":"https:\/\/linitiative.ca\/International\/wp-json\/wp\/v2\/posts\/69026\/revisions"}],"wp:attachment":[{"href":"https:\/\/linitiative.ca\/International\/wp-json\/wp\/v2\/media?parent=69026"}],"wp:term":[{"taxonomy":"category","embeddable":true,"href":"https:\/\/linitiative.ca\/International\/wp-json\/wp\/v2\/categories?post=69026"},{"taxonomy":"post_tag","embeddable":true,"href":"https:\/\/linitiative.ca\/International\/wp-json\/wp\/v2\/tags?post=69026"}],"curies":[{"name":"wp","href":"https:\/\/api.w.org\/{rel}","templated":true}]}}